{"id":1095,"date":"2020-07-21T10:22:59","date_gmt":"2020-07-21T08:22:59","guid":{"rendered":"https:\/\/www.proyectohombreprovinciacadiz.org\/?p=1095"},"modified":"2020-07-21T10:23:00","modified_gmt":"2020-07-21T08:23:00","slug":"salida-a-la-playa-el-buzo","status":"publish","type":"post","link":"https:\/\/www.proyectohombreprovinciacadiz.org\/index.php\/2020\/07\/21\/salida-a-la-playa-el-buzo\/","title":{"rendered":"Salida a la playa El Buzo"},"content":{"rendered":"\n<p>El 29 de junio de 2020, los usuarios de la Comunidad Terap\u00e9utica que realizan nuestro Programa de tratamiento terap\u00e9utico en virtud del Art. 182 del R.P., acompa\u00f1ados por la responsable del programa de Prisi\u00f3n, Pilar Garc\u00eda, disfrutaron de una salida a la playa, con el objetivo de trabajar la desprisionalizaci\u00f3n.&nbsp;<\/p>\n\n\n\n<p>Dicha salida se realiz\u00f3 a la playa de El buzo en el Puerto de Santa Mar\u00eda. Se cre\u00f3 un ambiente tranquilo, ameno, sano y distendido donde hubo risas, compartimos la merienda y hablaron de sus dificultades y logros conseguidos. Destacaron la importancia de poder disfrutar sin tener que depender de ninguna sustancia, ni disponer de grandes cantidades de dinero.&nbsp;&nbsp;<\/p>\n\n\n\n<p>Estas personas est\u00e1n siendo atendidas gracias al apoyo de entidades como el Ayuntamiento de Jerez de la Frontera.\u00a0<\/p>\n\n\n\n<p><\/p>\n\n\n\n<div class=\"wp-block-image\"><figure class=\"aligncenter size-large is-resized\"><img fetchpriority=\"high\" decoding=\"async\" src=\"https:\/\/www.proyectohombreprovinciacadiz.org\/wp-content\/uploads\/2020\/07\/thumbnail_IMG_20200629_192648-1024x768.jpg\" alt=\"\" class=\"wp-image-1097\" width=\"512\" height=\"384\" srcset=\"https:\/\/www.proyectohombreprovinciacadiz.org\/wp-content\/uploads\/2020\/07\/thumbnail_IMG_20200629_192648-1024x768.jpg 1024w, https:\/\/www.proyectohombreprovinciacadiz.org\/wp-content\/uploads\/2020\/07\/thumbnail_IMG_20200629_192648-300x225.jpg 300w, https:\/\/www.proyectohombreprovinciacadiz.org\/wp-content\/uploads\/2020\/07\/thumbnail_IMG_20200629_192648-768x576.jpg 768w, https:\/\/www.proyectohombreprovinciacadiz.org\/wp-content\/uploads\/2020\/07\/thumbnail_IMG_20200629_192648.jpg 1280w\" sizes=\"(max-width: 512px) 100vw, 512px\" \/><\/figure><\/div>\n","protected":false},"excerpt":{"rendered":"<p>El 29 de junio de 2020, los usuarios de la Comunidad Terap\u00e9utica que realizan nuestro Programa de tratamiento terap\u00e9utico en virtud del Art. 182 del R.P., acompa\u00f1ados por la responsable del programa de Prisi\u00f3n, Pilar Garc\u00eda, disfrutaron de una salida a la playa, con el objetivo de trabajar la desprisionalizaci\u00f3n.&nbsp; Dicha salida se realiz\u00f3 a &#8230; <a title=\"Salida a la playa El Buzo\" class=\"read-more\" href=\"https:\/\/www.proyectohombreprovinciacadiz.org\/index.php\/2020\/07\/21\/salida-a-la-playa-el-buzo\/\" aria-label=\"M\u00e1s en Salida a la playa El Buzo\">Leer m\u00e1s<\/a><\/p>\n","protected":false},"author":2,"featured_media":1096,"comment_status":"closed","ping_status":"closed","sticky":false,"template":"","format":"standard","meta":{"footnotes":""},"categories":[1],"tags":[],"class_list":["post-1095","post","type-post","status-publish","format-standard","has-post-thumbnail","hentry","category-sin-categoria"],"_links":{"self":[{"href":"https:\/\/www.proyectohombreprovinciacadiz.org\/index.php\/wp-json\/wp\/v2\/posts\/1095","targetHints":{"allow":["GET"]}}],"collection":[{"href":"https:\/\/www.proyectohombreprovinciacadiz.org\/index.php\/wp-json\/wp\/v2\/posts"}],"about":[{"href":"https:\/\/www.proyectohombreprovinciacadiz.org\/index.php\/wp-json\/wp\/v2\/types\/post"}],"author":[{"embeddable":true,"href":"https:\/\/www.proyectohombreprovinciacadiz.org\/index.php\/wp-json\/wp\/v2\/users\/2"}],"replies":[{"embeddable":true,"href":"https:\/\/www.proyectohombreprovinciacadiz.org\/index.php\/wp-json\/wp\/v2\/comments?post=1095"}],"version-history":[{"count":1,"href":"https:\/\/www.proyectohombreprovinciacadiz.org\/index.php\/wp-json\/wp\/v2\/posts\/1095\/revisions"}],"predecessor-version":[{"id":1098,"href":"https:\/\/www.proyectohombreprovinciacadiz.org\/index.php\/wp-json\/wp\/v2\/posts\/1095\/revisions\/1098"}],"wp:featuredmedia":[{"embeddable":true,"href":"https:\/\/www.proyectohombreprovinciacadiz.org\/index.php\/wp-json\/wp\/v2\/media\/1096"}],"wp:attachment":[{"href":"https:\/\/www.proyectohombreprovinciacadiz.org\/index.php\/wp-json\/wp\/v2\/media?parent=1095"}],"wp:term":[{"taxonomy":"category","embeddable":true,"href":"https:\/\/www.proyectohombreprovinciacadiz.org\/index.php\/wp-json\/wp\/v2\/categories?post=1095"},{"taxonomy":"post_tag","embeddable":true,"href":"https:\/\/www.proyectohombreprovinciacadiz.org\/index.php\/wp-json\/wp\/v2\/tags?post=1095"}],"curies":[{"name":"wp","href":"https:\/\/api.w.org\/{rel}","templated":true}]}}