{"id":1198,"date":"2020-11-15T12:34:57","date_gmt":"2020-11-15T11:34:57","guid":{"rendered":"https:\/\/www.proyectohombreprovinciacadiz.org\/?p=1198"},"modified":"2020-11-15T12:34:59","modified_gmt":"2020-11-15T11:34:59","slug":"exito-en-la-xix-regata-proyecto-hombre","status":"publish","type":"post","link":"https:\/\/www.proyectohombreprovinciacadiz.org\/index.php\/2020\/11\/15\/exito-en-la-xix-regata-proyecto-hombre\/","title":{"rendered":"\u00c9xito en la XIX Regata Proyecto Hombre"},"content":{"rendered":"\n<p>El 17 de octubre finaliz\u00f3 la temporada de Regatas en el Real Club N\u00e1utico de El Puerto de Santa Mar\u00eda, con la celebraci\u00f3n de la XIX Regata Proyecto Hombre, siendo ganadora la embarcaci\u00f3n \u201cVanitas\u201d de Domingo Gal\u00e1n.<\/p>\n\n\n\n<p>Luis Bononato, que asisti\u00f3 acompa\u00f1ado por Ana L. Aranda responsable del Programa de prevenci\u00f3n, agradeci\u00f3 a la Junta directiva del Club, con Santiago Villagr\u00e1n al frente, as\u00ed como a los asistentes y a las empresas colaboradoras, el que un a\u00f1o m\u00e1s hicieran posible este acto tan consolidado en la Bah\u00eda de C\u00e1diz.<\/p>\n\n\n\n<p>Gracias a lo recaudado en la regata se facilita el trabajo que realizamos en los distintos dispositivos.<\/p>\n\n\n\n<div class=\"wp-block-image\"><figure class=\"aligncenter size-large is-resized\"><img fetchpriority=\"high\" decoding=\"async\" src=\"https:\/\/www.proyectohombreprovinciacadiz.org\/wp-content\/uploads\/2020\/11\/3-768x1024.jpg\" alt=\"\" class=\"wp-image-1200\" width=\"357\" height=\"476\" srcset=\"https:\/\/www.proyectohombreprovinciacadiz.org\/wp-content\/uploads\/2020\/11\/3-768x1024.jpg 768w, https:\/\/www.proyectohombreprovinciacadiz.org\/wp-content\/uploads\/2020\/11\/3-225x300.jpg 225w, https:\/\/www.proyectohombreprovinciacadiz.org\/wp-content\/uploads\/2020\/11\/3-1152x1536.jpg 1152w, https:\/\/www.proyectohombreprovinciacadiz.org\/wp-content\/uploads\/2020\/11\/3.jpg 1200w\" sizes=\"(max-width: 357px) 100vw, 357px\" \/><\/figure><\/div>\n","protected":false},"excerpt":{"rendered":"<p>El 17 de octubre finaliz\u00f3 la temporada de Regatas en el Real Club N\u00e1utico de El Puerto de Santa Mar\u00eda, con la celebraci\u00f3n de la XIX Regata Proyecto Hombre, siendo ganadora la embarcaci\u00f3n \u201cVanitas\u201d de Domingo Gal\u00e1n. Luis Bononato, que asisti\u00f3 acompa\u00f1ado por Ana L. Aranda responsable del Programa de prevenci\u00f3n, agradeci\u00f3 a la Junta &#8230; <a title=\"\u00c9xito en la XIX Regata Proyecto Hombre\" class=\"read-more\" href=\"https:\/\/www.proyectohombreprovinciacadiz.org\/index.php\/2020\/11\/15\/exito-en-la-xix-regata-proyecto-hombre\/\" aria-label=\"M\u00e1s en \u00c9xito en la XIX Regata Proyecto Hombre\">Leer m\u00e1s<\/a><\/p>\n","protected":false},"author":2,"featured_media":1199,"comment_status":"closed","ping_status":"closed","sticky":false,"template":"","format":"standard","meta":{"footnotes":""},"categories":[1],"tags":[],"class_list":["post-1198","post","type-post","status-publish","format-standard","has-post-thumbnail","hentry","category-sin-categoria"],"_links":{"self":[{"href":"https:\/\/www.proyectohombreprovinciacadiz.org\/index.php\/wp-json\/wp\/v2\/posts\/1198","targetHints":{"allow":["GET"]}}],"collection":[{"href":"https:\/\/www.proyectohombreprovinciacadiz.org\/index.php\/wp-json\/wp\/v2\/posts"}],"about":[{"href":"https:\/\/www.proyectohombreprovinciacadiz.org\/index.php\/wp-json\/wp\/v2\/types\/post"}],"author":[{"embeddable":true,"href":"https:\/\/www.proyectohombreprovinciacadiz.org\/index.php\/wp-json\/wp\/v2\/users\/2"}],"replies":[{"embeddable":true,"href":"https:\/\/www.proyectohombreprovinciacadiz.org\/index.php\/wp-json\/wp\/v2\/comments?post=1198"}],"version-history":[{"count":1,"href":"https:\/\/www.proyectohombreprovinciacadiz.org\/index.php\/wp-json\/wp\/v2\/posts\/1198\/revisions"}],"predecessor-version":[{"id":1201,"href":"https:\/\/www.proyectohombreprovinciacadiz.org\/index.php\/wp-json\/wp\/v2\/posts\/1198\/revisions\/1201"}],"wp:featuredmedia":[{"embeddable":true,"href":"https:\/\/www.proyectohombreprovinciacadiz.org\/index.php\/wp-json\/wp\/v2\/media\/1199"}],"wp:attachment":[{"href":"https:\/\/www.proyectohombreprovinciacadiz.org\/index.php\/wp-json\/wp\/v2\/media?parent=1198"}],"wp:term":[{"taxonomy":"category","embeddable":true,"href":"https:\/\/www.proyectohombreprovinciacadiz.org\/index.php\/wp-json\/wp\/v2\/categories?post=1198"},{"taxonomy":"post_tag","embeddable":true,"href":"https:\/\/www.proyectohombreprovinciacadiz.org\/index.php\/wp-json\/wp\/v2\/tags?post=1198"}],"curies":[{"name":"wp","href":"https:\/\/api.w.org\/{rel}","templated":true}]}}