{"id":1202,"date":"2020-11-15T12:36:39","date_gmt":"2020-11-15T11:36:39","guid":{"rendered":"https:\/\/www.proyectohombreprovinciacadiz.org\/?p=1202"},"modified":"2020-11-15T12:36:41","modified_gmt":"2020-11-15T11:36:41","slug":"caixabank-jerez-colabora-con-la-comunidad-terapeutica-el-faro","status":"publish","type":"post","link":"https:\/\/www.proyectohombreprovinciacadiz.org\/index.php\/2020\/11\/15\/caixabank-jerez-colabora-con-la-comunidad-terapeutica-el-faro\/","title":{"rendered":"Caixabank Jerez colabora con la Comunidad Terap\u00e9utica \u00abEl Faro\u00bb"},"content":{"rendered":"\n<p>En un encuentro mantenido con Antonio Lucena, director del Store Calle Larga-Jerez, Luis Bononato recibi\u00f3 la ayuda que ir\u00e1 destinada a mejorar las instalaciones de la Comunidad terap\u00e9utica.<\/p>\n\n\n\n<p>En este edificio, situado cerca del Circuito de Jerez, se atienden a un total de 22 personas que se van a ver beneficiadas por esta mejora.1<\/p>\n\n\n\n<p>Nuestro agradecimiento a Caixabank por su nueva colaboraci\u00f3n con nosotros.<\/p>\n","protected":false},"excerpt":{"rendered":"<p>En un encuentro mantenido con Antonio Lucena, director del Store Calle Larga-Jerez, Luis Bononato recibi\u00f3 la ayuda que ir\u00e1 destinada a mejorar las instalaciones de la Comunidad terap\u00e9utica. En este edificio, situado cerca del Circuito de Jerez, se atienden a un total de 22 personas que se van a ver beneficiadas por esta mejora.1 Nuestro &#8230; <a title=\"Caixabank Jerez colabora con la Comunidad Terap\u00e9utica \u00abEl Faro\u00bb\" class=\"read-more\" href=\"https:\/\/www.proyectohombreprovinciacadiz.org\/index.php\/2020\/11\/15\/caixabank-jerez-colabora-con-la-comunidad-terapeutica-el-faro\/\" aria-label=\"M\u00e1s en Caixabank Jerez colabora con la Comunidad Terap\u00e9utica \u00abEl Faro\u00bb\">Leer m\u00e1s<\/a><\/p>\n","protected":false},"author":2,"featured_media":1203,"comment_status":"closed","ping_status":"closed","sticky":false,"template":"","format":"standard","meta":{"footnotes":""},"categories":[1],"tags":[],"class_list":["post-1202","post","type-post","status-publish","format-standard","has-post-thumbnail","hentry","category-sin-categoria"],"_links":{"self":[{"href":"https:\/\/www.proyectohombreprovinciacadiz.org\/index.php\/wp-json\/wp\/v2\/posts\/1202","targetHints":{"allow":["GET"]}}],"collection":[{"href":"https:\/\/www.proyectohombreprovinciacadiz.org\/index.php\/wp-json\/wp\/v2\/posts"}],"about":[{"href":"https:\/\/www.proyectohombreprovinciacadiz.org\/index.php\/wp-json\/wp\/v2\/types\/post"}],"author":[{"embeddable":true,"href":"https:\/\/www.proyectohombreprovinciacadiz.org\/index.php\/wp-json\/wp\/v2\/users\/2"}],"replies":[{"embeddable":true,"href":"https:\/\/www.proyectohombreprovinciacadiz.org\/index.php\/wp-json\/wp\/v2\/comments?post=1202"}],"version-history":[{"count":1,"href":"https:\/\/www.proyectohombreprovinciacadiz.org\/index.php\/wp-json\/wp\/v2\/posts\/1202\/revisions"}],"predecessor-version":[{"id":1204,"href":"https:\/\/www.proyectohombreprovinciacadiz.org\/index.php\/wp-json\/wp\/v2\/posts\/1202\/revisions\/1204"}],"wp:featuredmedia":[{"embeddable":true,"href":"https:\/\/www.proyectohombreprovinciacadiz.org\/index.php\/wp-json\/wp\/v2\/media\/1203"}],"wp:attachment":[{"href":"https:\/\/www.proyectohombreprovinciacadiz.org\/index.php\/wp-json\/wp\/v2\/media?parent=1202"}],"wp:term":[{"taxonomy":"category","embeddable":true,"href":"https:\/\/www.proyectohombreprovinciacadiz.org\/index.php\/wp-json\/wp\/v2\/categories?post=1202"},{"taxonomy":"post_tag","embeddable":true,"href":"https:\/\/www.proyectohombreprovinciacadiz.org\/index.php\/wp-json\/wp\/v2\/tags?post=1202"}],"curies":[{"name":"wp","href":"https:\/\/api.w.org\/{rel}","templated":true}]}}