{"id":1205,"date":"2020-11-16T18:40:41","date_gmt":"2020-11-16T17:40:41","guid":{"rendered":"https:\/\/www.proyectohombreprovinciacadiz.org\/?p=1205"},"modified":"2020-11-16T18:40:43","modified_gmt":"2020-11-16T17:40:43","slug":"trabajo-para-la-insercion-laboral-para-personas-en-riesgo-de-exclusion","status":"publish","type":"post","link":"https:\/\/www.proyectohombreprovinciacadiz.org\/index.php\/2020\/11\/16\/trabajo-para-la-insercion-laboral-para-personas-en-riesgo-de-exclusion\/","title":{"rendered":"Trabajo para la inserci\u00f3n laboral para personas en riesgo de exclusi\u00f3n"},"content":{"rendered":"\n<p>C\u00f3mo realizar un curr\u00edculum, cuales son las habilidades sociales que hay que poner en juego a la hora de enfrentarse a una entrevista de trabajo, la importancia del lenguaje verbal, no verbal\u2026, son algunas de las cuestiones que se est\u00e1n trabajando gracias a la subvenci\u00f3n al cargo del 0,7% IRPF\u00a0ANDALUC\u00cdA, para\u00a0el programa de \u201cInserci\u00f3n Laboral para personas en riesgo de exclusi\u00f3n\u201d, concedida por la Consejer\u00eda de Igualdad, Pol\u00edticas Sociales y Conciliaci\u00f3n de la Junta de Andaluc\u00eda.<\/p>\n\n\n\n<p>En la l\u00ednea de trabajar la mejora de la empleabilidad de las personas usuarias de nuestros dispositivos, se llevan a cabo grupos de apoyo, seminarios, formaciones, grupos tem\u00e1ticos, etc\u2026, fomentando los valores del esfuerzo y el trabajo, generando actitudes positivas, promoviendo consolidar proyecto de vida adecuados a las circunstancias, responsables y comprometidos.<\/p>\n\n\n\n<div class=\"wp-block-image\"><figure class=\"aligncenter size-large is-resized\"><img fetchpriority=\"high\" decoding=\"async\" src=\"https:\/\/www.proyectohombreprovinciacadiz.org\/wp-content\/uploads\/2020\/11\/Foto-grupo-nivel-1-1024x768.jpg\" alt=\"\" class=\"wp-image-1207\" width=\"530\" height=\"398\" srcset=\"https:\/\/www.proyectohombreprovinciacadiz.org\/wp-content\/uploads\/2020\/11\/Foto-grupo-nivel-1-1024x768.jpg 1024w, https:\/\/www.proyectohombreprovinciacadiz.org\/wp-content\/uploads\/2020\/11\/Foto-grupo-nivel-1-300x225.jpg 300w, https:\/\/www.proyectohombreprovinciacadiz.org\/wp-content\/uploads\/2020\/11\/Foto-grupo-nivel-1-768x576.jpg 768w, https:\/\/www.proyectohombreprovinciacadiz.org\/wp-content\/uploads\/2020\/11\/Foto-grupo-nivel-1-1536x1152.jpg 1536w, https:\/\/www.proyectohombreprovinciacadiz.org\/wp-content\/uploads\/2020\/11\/Foto-grupo-nivel-1-2048x1536.jpg 2048w\" sizes=\"(max-width: 530px) 100vw, 530px\" \/><\/figure><\/div>\n","protected":false},"excerpt":{"rendered":"<p>C\u00f3mo realizar un curr\u00edculum, cuales son las habilidades sociales que hay que poner en juego a la hora de enfrentarse a una entrevista de trabajo, la importancia del lenguaje verbal, no verbal\u2026, son algunas de las cuestiones que se est\u00e1n trabajando gracias a la subvenci\u00f3n al cargo del 0,7% IRPF\u00a0ANDALUC\u00cdA, para\u00a0el programa de \u201cInserci\u00f3n Laboral &#8230; <a title=\"Trabajo para la inserci\u00f3n laboral para personas en riesgo de exclusi\u00f3n\" class=\"read-more\" href=\"https:\/\/www.proyectohombreprovinciacadiz.org\/index.php\/2020\/11\/16\/trabajo-para-la-insercion-laboral-para-personas-en-riesgo-de-exclusion\/\" aria-label=\"M\u00e1s en Trabajo para la inserci\u00f3n laboral para personas en riesgo de exclusi\u00f3n\">Leer m\u00e1s<\/a><\/p>\n","protected":false},"author":2,"featured_media":1206,"comment_status":"closed","ping_status":"closed","sticky":false,"template":"","format":"standard","meta":{"footnotes":""},"categories":[1],"tags":[],"class_list":["post-1205","post","type-post","status-publish","format-standard","has-post-thumbnail","hentry","category-sin-categoria"],"_links":{"self":[{"href":"https:\/\/www.proyectohombreprovinciacadiz.org\/index.php\/wp-json\/wp\/v2\/posts\/1205","targetHints":{"allow":["GET"]}}],"collection":[{"href":"https:\/\/www.proyectohombreprovinciacadiz.org\/index.php\/wp-json\/wp\/v2\/posts"}],"about":[{"href":"https:\/\/www.proyectohombreprovinciacadiz.org\/index.php\/wp-json\/wp\/v2\/types\/post"}],"author":[{"embeddable":true,"href":"https:\/\/www.proyectohombreprovinciacadiz.org\/index.php\/wp-json\/wp\/v2\/users\/2"}],"replies":[{"embeddable":true,"href":"https:\/\/www.proyectohombreprovinciacadiz.org\/index.php\/wp-json\/wp\/v2\/comments?post=1205"}],"version-history":[{"count":1,"href":"https:\/\/www.proyectohombreprovinciacadiz.org\/index.php\/wp-json\/wp\/v2\/posts\/1205\/revisions"}],"predecessor-version":[{"id":1208,"href":"https:\/\/www.proyectohombreprovinciacadiz.org\/index.php\/wp-json\/wp\/v2\/posts\/1205\/revisions\/1208"}],"wp:featuredmedia":[{"embeddable":true,"href":"https:\/\/www.proyectohombreprovinciacadiz.org\/index.php\/wp-json\/wp\/v2\/media\/1206"}],"wp:attachment":[{"href":"https:\/\/www.proyectohombreprovinciacadiz.org\/index.php\/wp-json\/wp\/v2\/media?parent=1205"}],"wp:term":[{"taxonomy":"category","embeddable":true,"href":"https:\/\/www.proyectohombreprovinciacadiz.org\/index.php\/wp-json\/wp\/v2\/categories?post=1205"},{"taxonomy":"post_tag","embeddable":true,"href":"https:\/\/www.proyectohombreprovinciacadiz.org\/index.php\/wp-json\/wp\/v2\/tags?post=1205"}],"curies":[{"name":"wp","href":"https:\/\/api.w.org\/{rel}","templated":true}]}}