{"id":1286,"date":"2020-11-29T17:34:49","date_gmt":"2020-11-29T16:34:49","guid":{"rendered":"https:\/\/www.proyectohombreprovinciacadiz.org\/?p=1286"},"modified":"2020-11-29T17:34:50","modified_gmt":"2020-11-29T16:34:50","slug":"donacion-asociacion-2034-2","status":"publish","type":"post","link":"https:\/\/www.proyectohombreprovinciacadiz.org\/index.php\/2020\/11\/29\/donacion-asociacion-2034-2\/","title":{"rendered":"Donaci\u00f3n Asociaci\u00f3n 2034"},"content":{"rendered":"\n<p>El 24 de noviembre\u00a0Alfonso Almagro, presidente de la Asociaci\u00f3n 2034 (ASOCIACION ANTIGUOS EMPLEADOS DE CAJAS DE AHORROS DE JEREZ, SAN FERNANDO Y CAJASOL \u201c2034\u201d), hizo entrega de un donativo\u00a0a Luis B. Bononato.<\/p>\n\n\n\n<p>Proyecto Hombre provincia de C\u00e1diz quiere agradecer a la Asociaci\u00f3n 2034 que siga apoyando nuestra labor un a\u00f1o m\u00e1s,\u00a0sobre todo en estos momentos de tanta dificultad.<\/p>\n\n\n\n<div class=\"wp-block-image\"><figure class=\"aligncenter size-large\"><img fetchpriority=\"high\" decoding=\"async\" width=\"1018\" height=\"768\" src=\"https:\/\/www.proyectohombreprovinciacadiz.org\/wp-content\/uploads\/2020\/11\/2034.-ALFONSO-ALMAGRO.24.11.2020.-2.jpg\" alt=\"\" class=\"wp-image-1288\" srcset=\"https:\/\/www.proyectohombreprovinciacadiz.org\/wp-content\/uploads\/2020\/11\/2034.-ALFONSO-ALMAGRO.24.11.2020.-2.jpg 1018w, https:\/\/www.proyectohombreprovinciacadiz.org\/wp-content\/uploads\/2020\/11\/2034.-ALFONSO-ALMAGRO.24.11.2020.-2-300x226.jpg 300w, https:\/\/www.proyectohombreprovinciacadiz.org\/wp-content\/uploads\/2020\/11\/2034.-ALFONSO-ALMAGRO.24.11.2020.-2-768x579.jpg 768w\" sizes=\"(max-width: 1018px) 100vw, 1018px\" \/><\/figure><\/div>\n\n\n\n<p><\/p>\n","protected":false},"excerpt":{"rendered":"<p>El 24 de noviembre\u00a0Alfonso Almagro, presidente de la Asociaci\u00f3n 2034 (ASOCIACION ANTIGUOS EMPLEADOS DE CAJAS DE AHORROS DE JEREZ, SAN FERNANDO Y CAJASOL \u201c2034\u201d), hizo entrega de un donativo\u00a0a Luis B. Bononato. Proyecto Hombre provincia de C\u00e1diz quiere agradecer a la Asociaci\u00f3n 2034 que siga apoyando nuestra labor un a\u00f1o m\u00e1s,\u00a0sobre todo en estos momentos &#8230; <a title=\"Donaci\u00f3n Asociaci\u00f3n 2034\" class=\"read-more\" href=\"https:\/\/www.proyectohombreprovinciacadiz.org\/index.php\/2020\/11\/29\/donacion-asociacion-2034-2\/\" aria-label=\"M\u00e1s en Donaci\u00f3n Asociaci\u00f3n 2034\">Leer m\u00e1s<\/a><\/p>\n","protected":false},"author":2,"featured_media":1287,"comment_status":"closed","ping_status":"closed","sticky":false,"template":"","format":"standard","meta":{"footnotes":""},"categories":[1],"tags":[],"class_list":["post-1286","post","type-post","status-publish","format-standard","has-post-thumbnail","hentry","category-sin-categoria"],"_links":{"self":[{"href":"https:\/\/www.proyectohombreprovinciacadiz.org\/index.php\/wp-json\/wp\/v2\/posts\/1286","targetHints":{"allow":["GET"]}}],"collection":[{"href":"https:\/\/www.proyectohombreprovinciacadiz.org\/index.php\/wp-json\/wp\/v2\/posts"}],"about":[{"href":"https:\/\/www.proyectohombreprovinciacadiz.org\/index.php\/wp-json\/wp\/v2\/types\/post"}],"author":[{"embeddable":true,"href":"https:\/\/www.proyectohombreprovinciacadiz.org\/index.php\/wp-json\/wp\/v2\/users\/2"}],"replies":[{"embeddable":true,"href":"https:\/\/www.proyectohombreprovinciacadiz.org\/index.php\/wp-json\/wp\/v2\/comments?post=1286"}],"version-history":[{"count":1,"href":"https:\/\/www.proyectohombreprovinciacadiz.org\/index.php\/wp-json\/wp\/v2\/posts\/1286\/revisions"}],"predecessor-version":[{"id":1289,"href":"https:\/\/www.proyectohombreprovinciacadiz.org\/index.php\/wp-json\/wp\/v2\/posts\/1286\/revisions\/1289"}],"wp:featuredmedia":[{"embeddable":true,"href":"https:\/\/www.proyectohombreprovinciacadiz.org\/index.php\/wp-json\/wp\/v2\/media\/1287"}],"wp:attachment":[{"href":"https:\/\/www.proyectohombreprovinciacadiz.org\/index.php\/wp-json\/wp\/v2\/media?parent=1286"}],"wp:term":[{"taxonomy":"category","embeddable":true,"href":"https:\/\/www.proyectohombreprovinciacadiz.org\/index.php\/wp-json\/wp\/v2\/categories?post=1286"},{"taxonomy":"post_tag","embeddable":true,"href":"https:\/\/www.proyectohombreprovinciacadiz.org\/index.php\/wp-json\/wp\/v2\/tags?post=1286"}],"curies":[{"name":"wp","href":"https:\/\/api.w.org\/{rel}","templated":true}]}}