{"id":1290,"date":"2020-11-29T17:40:14","date_gmt":"2020-11-29T16:40:14","guid":{"rendered":"https:\/\/www.proyectohombreprovinciacadiz.org\/?p=1290"},"modified":"2020-11-29T17:40:15","modified_gmt":"2020-11-29T16:40:15","slug":"estamos-de-celebracion-con-la-fundacion-iberdrola","status":"publish","type":"post","link":"https:\/\/www.proyectohombreprovinciacadiz.org\/index.php\/2020\/11\/29\/estamos-de-celebracion-con-la-fundacion-iberdrola\/","title":{"rendered":"\u00a1Estamos de celebraci\u00f3n con la Fundaci\u00f3n Iberdrola!"},"content":{"rendered":"\n<p>Fundaci\u00f3n Iberdrola Espa\u00f1a nos ha concedido, por cuarto a\u00f1o consecutivo, una subvenci\u00f3n para continuar trabajando, durante todo el a\u00f1o 2021, con el programa \u201cEducar en un uso responsable de las tecnolog\u00edas\u201d.&nbsp;<\/p>\n\n\n\n<p>Gracias a la cantidad concedida por la Fundaci\u00f3n Iberdrola tenemos previsto atender a 1.700 personas como beneficiarias directas de nuestro proyecto, tanto desde el \u00e1mbito de la prevenci\u00f3n universal, como selectiva e indicada.<\/p>\n\n\n\n<p>Si est\u00e1s interesado\/a, contacta con nosotros\/as en:<\/p>\n\n\n\n<ul class=\"wp-block-list\"><li>Programa de prevenci\u00f3n (para centros educativos): 956 18 32 74 \/ 638 48 10 70<\/li><li>Proyecto Joven (menores, adolescentes y familias): 956 18 74 79 \/ 630 76 25 90<\/li><\/ul>\n\n\n\n<div class=\"wp-block-image\"><figure class=\"aligncenter size-large is-resized\"><img fetchpriority=\"high\" decoding=\"async\" src=\"https:\/\/www.proyectohombreprovinciacadiz.org\/wp-content\/uploads\/2020\/11\/IMG-20201113-WA0053.jpg\" alt=\"\" class=\"wp-image-1292\" width=\"444\" height=\"592\" srcset=\"https:\/\/www.proyectohombreprovinciacadiz.org\/wp-content\/uploads\/2020\/11\/IMG-20201113-WA0053.jpg 768w, https:\/\/www.proyectohombreprovinciacadiz.org\/wp-content\/uploads\/2020\/11\/IMG-20201113-WA0053-225x300.jpg 225w\" sizes=\"(max-width: 444px) 100vw, 444px\" \/><\/figure><\/div>\n","protected":false},"excerpt":{"rendered":"<p>Fundaci\u00f3n Iberdrola Espa\u00f1a nos ha concedido, por cuarto a\u00f1o consecutivo, una subvenci\u00f3n para continuar trabajando, durante todo el a\u00f1o 2021, con el programa \u201cEducar en un uso responsable de las tecnolog\u00edas\u201d.&nbsp; Gracias a la cantidad concedida por la Fundaci\u00f3n Iberdrola tenemos previsto atender a 1.700 personas como beneficiarias directas de nuestro proyecto, tanto desde el &#8230; <a title=\"\u00a1Estamos de celebraci\u00f3n con la Fundaci\u00f3n Iberdrola!\" class=\"read-more\" href=\"https:\/\/www.proyectohombreprovinciacadiz.org\/index.php\/2020\/11\/29\/estamos-de-celebracion-con-la-fundacion-iberdrola\/\" aria-label=\"M\u00e1s en \u00a1Estamos de celebraci\u00f3n con la Fundaci\u00f3n Iberdrola!\">Leer m\u00e1s<\/a><\/p>\n","protected":false},"author":2,"featured_media":1291,"comment_status":"closed","ping_status":"closed","sticky":false,"template":"","format":"standard","meta":{"footnotes":""},"categories":[1],"tags":[],"class_list":["post-1290","post","type-post","status-publish","format-standard","has-post-thumbnail","hentry","category-sin-categoria"],"_links":{"self":[{"href":"https:\/\/www.proyectohombreprovinciacadiz.org\/index.php\/wp-json\/wp\/v2\/posts\/1290","targetHints":{"allow":["GET"]}}],"collection":[{"href":"https:\/\/www.proyectohombreprovinciacadiz.org\/index.php\/wp-json\/wp\/v2\/posts"}],"about":[{"href":"https:\/\/www.proyectohombreprovinciacadiz.org\/index.php\/wp-json\/wp\/v2\/types\/post"}],"author":[{"embeddable":true,"href":"https:\/\/www.proyectohombreprovinciacadiz.org\/index.php\/wp-json\/wp\/v2\/users\/2"}],"replies":[{"embeddable":true,"href":"https:\/\/www.proyectohombreprovinciacadiz.org\/index.php\/wp-json\/wp\/v2\/comments?post=1290"}],"version-history":[{"count":1,"href":"https:\/\/www.proyectohombreprovinciacadiz.org\/index.php\/wp-json\/wp\/v2\/posts\/1290\/revisions"}],"predecessor-version":[{"id":1293,"href":"https:\/\/www.proyectohombreprovinciacadiz.org\/index.php\/wp-json\/wp\/v2\/posts\/1290\/revisions\/1293"}],"wp:featuredmedia":[{"embeddable":true,"href":"https:\/\/www.proyectohombreprovinciacadiz.org\/index.php\/wp-json\/wp\/v2\/media\/1291"}],"wp:attachment":[{"href":"https:\/\/www.proyectohombreprovinciacadiz.org\/index.php\/wp-json\/wp\/v2\/media?parent=1290"}],"wp:term":[{"taxonomy":"category","embeddable":true,"href":"https:\/\/www.proyectohombreprovinciacadiz.org\/index.php\/wp-json\/wp\/v2\/categories?post=1290"},{"taxonomy":"post_tag","embeddable":true,"href":"https:\/\/www.proyectohombreprovinciacadiz.org\/index.php\/wp-json\/wp\/v2\/tags?post=1290"}],"curies":[{"name":"wp","href":"https:\/\/api.w.org\/{rel}","templated":true}]}}