{"id":1606,"date":"2021-04-02T11:00:00","date_gmt":"2021-04-02T09:00:00","guid":{"rendered":"https:\/\/www.proyectohombreprovinciacadiz.org\/?p=1606"},"modified":"2021-04-02T11:00:01","modified_gmt":"2021-04-02T09:00:01","slug":"taller-en-c-p-botafuegos","status":"publish","type":"post","link":"https:\/\/www.proyectohombreprovinciacadiz.org\/index.php\/2021\/04\/02\/taller-en-c-p-botafuegos\/","title":{"rendered":"Taller en C.P. Botafuegos"},"content":{"rendered":"\n<p>El 23 de marzo de 2021, impartimos un taller titulado \u201cHojas Secas: eliminando lo negativo\u201d, a las mujeres que atendemos en el Centro Penitenciario de Algeciras. Fue impartido por Paloma Mateo, trabajadora del programa de prisi\u00f3n, y Desir\u00e9e Barea, colaboradora y voluntaria de Proyecto Hombre.<\/p>\n\n\n\n<p>En el mismo se trabaj\u00f3 con hojas secas, en las cuales, las internas escribieron aquellos sentimientos, comportamientos, personas, actitudes o lugares que les hacen da\u00f1o y deben eliminar si quieren mejorar su vida para, a su vez, conseguir aquellos objetivos que se propongan.<\/p>\n\n\n\n<p>Con este taller tambi\u00e9n celebramos la vuelta a la atenci\u00f3n presencial en el CP Botafuegos ya que desde el 5 de enero de 2021 se limit\u00f3 la entrada al personal externo y tuvimos que atender a los usuarios y usuarias de forma telem\u00e1tica, llegando a realizar m\u00e1s de 160 videollamadas.<\/p>\n\n\n\n<p>Este programa se lleva a cabo gracias a la asignaci\u00f3n tributaria del 0,7% del IRPF Estatal en colaboraci\u00f3n con el Ministerio de Derechos Sociales y Agenda 2030.<\/p>\n\n\n\n<p><\/p>\n\n\n\n<figure class=\"wp-block-gallery aligncenter columns-2 is-cropped wp-block-gallery-1 is-layout-flex wp-block-gallery-is-layout-flex\"><ul class=\"blocks-gallery-grid\"><li class=\"blocks-gallery-item\"><figure><img fetchpriority=\"high\" decoding=\"async\" width=\"1024\" height=\"614\" src=\"https:\/\/www.proyectohombreprovinciacadiz.org\/wp-content\/uploads\/2021\/04\/IMG_20210323_113701-1024x614.jpg\" alt=\"\" data-id=\"1608\" class=\"wp-image-1608\" srcset=\"https:\/\/www.proyectohombreprovinciacadiz.org\/wp-content\/uploads\/2021\/04\/IMG_20210323_113701-1024x614.jpg 1024w, https:\/\/www.proyectohombreprovinciacadiz.org\/wp-content\/uploads\/2021\/04\/IMG_20210323_113701-300x180.jpg 300w, https:\/\/www.proyectohombreprovinciacadiz.org\/wp-content\/uploads\/2021\/04\/IMG_20210323_113701-768x461.jpg 768w, https:\/\/www.proyectohombreprovinciacadiz.org\/wp-content\/uploads\/2021\/04\/IMG_20210323_113701-1536x922.jpg 1536w, https:\/\/www.proyectohombreprovinciacadiz.org\/wp-content\/uploads\/2021\/04\/IMG_20210323_113701-2048x1229.jpg 2048w\" sizes=\"(max-width: 1024px) 100vw, 1024px\" \/><\/figure><\/li><li class=\"blocks-gallery-item\"><figure><img decoding=\"async\" width=\"1024\" height=\"614\" src=\"https:\/\/www.proyectohombreprovinciacadiz.org\/wp-content\/uploads\/2021\/04\/IMG_20210323_102220-1024x614.jpg\" alt=\"\" data-id=\"1609\" data-full-url=\"https:\/\/www.proyectohombreprovinciacadiz.org\/wp-content\/uploads\/2021\/04\/IMG_20210323_102220-scaled.jpg\" data-link=\"https:\/\/www.proyectohombreprovinciacadiz.org\/?attachment_id=1609#main\" class=\"wp-image-1609\" srcset=\"https:\/\/www.proyectohombreprovinciacadiz.org\/wp-content\/uploads\/2021\/04\/IMG_20210323_102220-1024x614.jpg 1024w, https:\/\/www.proyectohombreprovinciacadiz.org\/wp-content\/uploads\/2021\/04\/IMG_20210323_102220-300x180.jpg 300w, https:\/\/www.proyectohombreprovinciacadiz.org\/wp-content\/uploads\/2021\/04\/IMG_20210323_102220-768x461.jpg 768w, https:\/\/www.proyectohombreprovinciacadiz.org\/wp-content\/uploads\/2021\/04\/IMG_20210323_102220-1536x922.jpg 1536w, https:\/\/www.proyectohombreprovinciacadiz.org\/wp-content\/uploads\/2021\/04\/IMG_20210323_102220-2048x1229.jpg 2048w\" sizes=\"(max-width: 1024px) 100vw, 1024px\" \/><\/figure><\/li><\/ul><\/figure>\n","protected":false},"excerpt":{"rendered":"<p>El 23 de marzo de 2021, impartimos un taller titulado \u201cHojas Secas: eliminando lo negativo\u201d, a las mujeres que atendemos en el Centro Penitenciario de Algeciras. Fue impartido por Paloma Mateo, trabajadora del programa de prisi\u00f3n, y Desir\u00e9e Barea, colaboradora y voluntaria de Proyecto Hombre. En el mismo se trabaj\u00f3 con hojas secas, en las &#8230; <a title=\"Taller en C.P. Botafuegos\" class=\"read-more\" href=\"https:\/\/www.proyectohombreprovinciacadiz.org\/index.php\/2021\/04\/02\/taller-en-c-p-botafuegos\/\" aria-label=\"M\u00e1s en Taller en C.P. Botafuegos\">Leer m\u00e1s<\/a><\/p>\n","protected":false},"author":2,"featured_media":1607,"comment_status":"closed","ping_status":"closed","sticky":false,"template":"","format":"standard","meta":{"footnotes":""},"categories":[1],"tags":[],"class_list":["post-1606","post","type-post","status-publish","format-standard","has-post-thumbnail","hentry","category-sin-categoria"],"_links":{"self":[{"href":"https:\/\/www.proyectohombreprovinciacadiz.org\/index.php\/wp-json\/wp\/v2\/posts\/1606","targetHints":{"allow":["GET"]}}],"collection":[{"href":"https:\/\/www.proyectohombreprovinciacadiz.org\/index.php\/wp-json\/wp\/v2\/posts"}],"about":[{"href":"https:\/\/www.proyectohombreprovinciacadiz.org\/index.php\/wp-json\/wp\/v2\/types\/post"}],"author":[{"embeddable":true,"href":"https:\/\/www.proyectohombreprovinciacadiz.org\/index.php\/wp-json\/wp\/v2\/users\/2"}],"replies":[{"embeddable":true,"href":"https:\/\/www.proyectohombreprovinciacadiz.org\/index.php\/wp-json\/wp\/v2\/comments?post=1606"}],"version-history":[{"count":1,"href":"https:\/\/www.proyectohombreprovinciacadiz.org\/index.php\/wp-json\/wp\/v2\/posts\/1606\/revisions"}],"predecessor-version":[{"id":1610,"href":"https:\/\/www.proyectohombreprovinciacadiz.org\/index.php\/wp-json\/wp\/v2\/posts\/1606\/revisions\/1610"}],"wp:featuredmedia":[{"embeddable":true,"href":"https:\/\/www.proyectohombreprovinciacadiz.org\/index.php\/wp-json\/wp\/v2\/media\/1607"}],"wp:attachment":[{"href":"https:\/\/www.proyectohombreprovinciacadiz.org\/index.php\/wp-json\/wp\/v2\/media?parent=1606"}],"wp:term":[{"taxonomy":"category","embeddable":true,"href":"https:\/\/www.proyectohombreprovinciacadiz.org\/index.php\/wp-json\/wp\/v2\/categories?post=1606"},{"taxonomy":"post_tag","embeddable":true,"href":"https:\/\/www.proyectohombreprovinciacadiz.org\/index.php\/wp-json\/wp\/v2\/tags?post=1606"}],"curies":[{"name":"wp","href":"https:\/\/api.w.org\/{rel}","templated":true}]}}