{"id":1612,"date":"2021-04-15T18:59:51","date_gmt":"2021-04-15T16:59:51","guid":{"rendered":"https:\/\/www.proyectohombreprovinciacadiz.org\/?p=1612"},"modified":"2021-04-15T18:59:52","modified_gmt":"2021-04-15T16:59:52","slug":"firma-convenio-con-la-fundacion-luis-seiquer","status":"publish","type":"post","link":"https:\/\/www.proyectohombreprovinciacadiz.org\/index.php\/2021\/04\/15\/firma-convenio-con-la-fundacion-luis-seiquer\/","title":{"rendered":"Firma convenio con la Fundaci\u00f3n Luis S\u00e9iquer"},"content":{"rendered":"\n<p>El 8 de abril se produjo la firma de un interesante convenio de colaboraci\u00f3n entre la Fundaci\u00f3n Odontolog\u00eda Social&nbsp;Luis S\u00e9iquer, representada por su gerente Adela Gonz\u00e1lez y nuestra entidad, representada por Luis B. Bononato, que estuvo acompa\u00f1ado por Nuria Alc\u00f3n, coordinadora del centro.&nbsp;<\/p>\n\n\n\n<p>A trav\u00e9s de este convenio las personas en tratamiento en nuestro centro que se encuentran en una situaci\u00f3n econ\u00f3mica m\u00e1s desfavorecida, podr\u00e1n tener acceso a mejorar su salud bucodental.<\/p>\n\n\n\n<p>Seguimos apostando por la coordinaci\u00f3n entre entidades que buscan mejorar las oportunidades y calidad de vida de aquellas personas que tienen una realidad de vulnerabilidad. Juntos podemos hacer mucho m\u00e1s.<\/p>\n","protected":false},"excerpt":{"rendered":"<p>El 8 de abril se produjo la firma de un interesante convenio de colaboraci\u00f3n entre la Fundaci\u00f3n Odontolog\u00eda Social&nbsp;Luis S\u00e9iquer, representada por su gerente Adela Gonz\u00e1lez y nuestra entidad, representada por Luis B. Bononato, que estuvo acompa\u00f1ado por Nuria Alc\u00f3n, coordinadora del centro.&nbsp; A trav\u00e9s de este convenio las personas en tratamiento en nuestro centro &#8230; <a title=\"Firma convenio con la Fundaci\u00f3n Luis S\u00e9iquer\" class=\"read-more\" href=\"https:\/\/www.proyectohombreprovinciacadiz.org\/index.php\/2021\/04\/15\/firma-convenio-con-la-fundacion-luis-seiquer\/\" aria-label=\"M\u00e1s en Firma convenio con la Fundaci\u00f3n Luis S\u00e9iquer\">Leer m\u00e1s<\/a><\/p>\n","protected":false},"author":2,"featured_media":1613,"comment_status":"closed","ping_status":"closed","sticky":false,"template":"","format":"standard","meta":{"footnotes":""},"categories":[1],"tags":[],"class_list":["post-1612","post","type-post","status-publish","format-standard","has-post-thumbnail","hentry","category-sin-categoria"],"_links":{"self":[{"href":"https:\/\/www.proyectohombreprovinciacadiz.org\/index.php\/wp-json\/wp\/v2\/posts\/1612","targetHints":{"allow":["GET"]}}],"collection":[{"href":"https:\/\/www.proyectohombreprovinciacadiz.org\/index.php\/wp-json\/wp\/v2\/posts"}],"about":[{"href":"https:\/\/www.proyectohombreprovinciacadiz.org\/index.php\/wp-json\/wp\/v2\/types\/post"}],"author":[{"embeddable":true,"href":"https:\/\/www.proyectohombreprovinciacadiz.org\/index.php\/wp-json\/wp\/v2\/users\/2"}],"replies":[{"embeddable":true,"href":"https:\/\/www.proyectohombreprovinciacadiz.org\/index.php\/wp-json\/wp\/v2\/comments?post=1612"}],"version-history":[{"count":1,"href":"https:\/\/www.proyectohombreprovinciacadiz.org\/index.php\/wp-json\/wp\/v2\/posts\/1612\/revisions"}],"predecessor-version":[{"id":1614,"href":"https:\/\/www.proyectohombreprovinciacadiz.org\/index.php\/wp-json\/wp\/v2\/posts\/1612\/revisions\/1614"}],"wp:featuredmedia":[{"embeddable":true,"href":"https:\/\/www.proyectohombreprovinciacadiz.org\/index.php\/wp-json\/wp\/v2\/media\/1613"}],"wp:attachment":[{"href":"https:\/\/www.proyectohombreprovinciacadiz.org\/index.php\/wp-json\/wp\/v2\/media?parent=1612"}],"wp:term":[{"taxonomy":"category","embeddable":true,"href":"https:\/\/www.proyectohombreprovinciacadiz.org\/index.php\/wp-json\/wp\/v2\/categories?post=1612"},{"taxonomy":"post_tag","embeddable":true,"href":"https:\/\/www.proyectohombreprovinciacadiz.org\/index.php\/wp-json\/wp\/v2\/tags?post=1612"}],"curies":[{"name":"wp","href":"https:\/\/api.w.org\/{rel}","templated":true}]}}