{"id":1620,"date":"2021-05-05T11:42:35","date_gmt":"2021-05-05T09:42:35","guid":{"rendered":"https:\/\/www.proyectohombreprovinciacadiz.org\/?p=1620"},"modified":"2021-05-05T11:42:36","modified_gmt":"2021-05-05T09:42:36","slug":"reunion-grupo-igualdad-asociacion-andaluza-de-proyecto-hombre","status":"publish","type":"post","link":"https:\/\/www.proyectohombreprovinciacadiz.org\/index.php\/2021\/05\/05\/reunion-grupo-igualdad-asociacion-andaluza-de-proyecto-hombre\/","title":{"rendered":"Reuni\u00f3n grupo Igualdad Asociaci\u00f3n andaluza de Proyecto Hombre"},"content":{"rendered":"\n<p>En las instalaciones del CEULAJ de Mollina (M\u00e1laga), tuvo lugar una reuni\u00f3n presencial del grupo de trabajo de Igualdad de la Asociaci\u00f3n andaluza de Proyecto Hombre. Tras un a\u00f1o de reuniones online, esta jornada nos sirvi\u00f3 para seguir dando respuesta al reto del trabajo con nuestras mujeres y afianzando el trabajo con perspectiva de g\u00e9nero con todas las personas en tratamiento.<\/p>\n\n\n\n<p>Por parte de PH Provincia de C\u00e1diz asisti\u00f3 Maribel Vargas, responsable del Centro de D\u00eda en C\u00e1diz.<\/p>\n","protected":false},"excerpt":{"rendered":"<p>En las instalaciones del CEULAJ de Mollina (M\u00e1laga), tuvo lugar una reuni\u00f3n presencial del grupo de trabajo de Igualdad de la Asociaci\u00f3n andaluza de Proyecto Hombre. Tras un a\u00f1o de reuniones online, esta jornada nos sirvi\u00f3 para seguir dando respuesta al reto del trabajo con nuestras mujeres y afianzando el trabajo con perspectiva de g\u00e9nero &#8230; <a title=\"Reuni\u00f3n grupo Igualdad Asociaci\u00f3n andaluza de Proyecto Hombre\" class=\"read-more\" href=\"https:\/\/www.proyectohombreprovinciacadiz.org\/index.php\/2021\/05\/05\/reunion-grupo-igualdad-asociacion-andaluza-de-proyecto-hombre\/\" aria-label=\"M\u00e1s en Reuni\u00f3n grupo Igualdad Asociaci\u00f3n andaluza de Proyecto Hombre\">Leer m\u00e1s<\/a><\/p>\n","protected":false},"author":2,"featured_media":1621,"comment_status":"closed","ping_status":"closed","sticky":false,"template":"","format":"standard","meta":{"footnotes":""},"categories":[1],"tags":[],"class_list":["post-1620","post","type-post","status-publish","format-standard","has-post-thumbnail","hentry","category-sin-categoria"],"_links":{"self":[{"href":"https:\/\/www.proyectohombreprovinciacadiz.org\/index.php\/wp-json\/wp\/v2\/posts\/1620","targetHints":{"allow":["GET"]}}],"collection":[{"href":"https:\/\/www.proyectohombreprovinciacadiz.org\/index.php\/wp-json\/wp\/v2\/posts"}],"about":[{"href":"https:\/\/www.proyectohombreprovinciacadiz.org\/index.php\/wp-json\/wp\/v2\/types\/post"}],"author":[{"embeddable":true,"href":"https:\/\/www.proyectohombreprovinciacadiz.org\/index.php\/wp-json\/wp\/v2\/users\/2"}],"replies":[{"embeddable":true,"href":"https:\/\/www.proyectohombreprovinciacadiz.org\/index.php\/wp-json\/wp\/v2\/comments?post=1620"}],"version-history":[{"count":1,"href":"https:\/\/www.proyectohombreprovinciacadiz.org\/index.php\/wp-json\/wp\/v2\/posts\/1620\/revisions"}],"predecessor-version":[{"id":1622,"href":"https:\/\/www.proyectohombreprovinciacadiz.org\/index.php\/wp-json\/wp\/v2\/posts\/1620\/revisions\/1622"}],"wp:featuredmedia":[{"embeddable":true,"href":"https:\/\/www.proyectohombreprovinciacadiz.org\/index.php\/wp-json\/wp\/v2\/media\/1621"}],"wp:attachment":[{"href":"https:\/\/www.proyectohombreprovinciacadiz.org\/index.php\/wp-json\/wp\/v2\/media?parent=1620"}],"wp:term":[{"taxonomy":"category","embeddable":true,"href":"https:\/\/www.proyectohombreprovinciacadiz.org\/index.php\/wp-json\/wp\/v2\/categories?post=1620"},{"taxonomy":"post_tag","embeddable":true,"href":"https:\/\/www.proyectohombreprovinciacadiz.org\/index.php\/wp-json\/wp\/v2\/tags?post=1620"}],"curies":[{"name":"wp","href":"https:\/\/api.w.org\/{rel}","templated":true}]}}