{"id":1658,"date":"2021-06-08T22:48:28","date_gmt":"2021-06-08T20:48:28","guid":{"rendered":"https:\/\/www.proyectohombreprovinciacadiz.org\/?p=1658"},"modified":"2021-06-08T22:48:29","modified_gmt":"2021-06-08T20:48:29","slug":"programa-para-educar-en-un-uso-responsable-de-las-tecnologias","status":"publish","type":"post","link":"https:\/\/www.proyectohombreprovinciacadiz.org\/index.php\/2021\/06\/08\/programa-para-educar-en-un-uso-responsable-de-las-tecnologias\/","title":{"rendered":"Programa para educar en un uso responsable de las tecnolog\u00edas"},"content":{"rendered":"\n<p>Durante los d\u00edas 13 y 27 de mayo se realizaron sesiones formativas e informativas para usuarios\/as del Centro de D\u00eda y sus familiares en nuestra sede en C\u00e1diz.<\/p>\n\n\n\n<p>Nuestra compa\u00f1era Valeria Gil se encarg\u00f3 de dotar de distintas herramientas para acompa\u00f1ar a menores y j\u00f3venes a que hagan un uso responsable y sano de las tecnolog\u00edas (Internet, redes sociales, videojuegos\u2026).&nbsp;<\/p>\n\n\n\n<p>Esta actuaci\u00f3n se enmarca en las actividades ofertadas por el Centro de D\u00eda de PH en C\u00e1diz, gracias a la subvenci\u00f3n de la Fundaci\u00f3n Iberdrola Espa\u00f1a y por el \u00e1rea de prevenci\u00f3n de Proyecto Hombre Provincia de C\u00e1diz.<\/p>\n\n\n\n<figure class=\"wp-block-gallery aligncenter columns-3 is-cropped wp-block-gallery-1 is-layout-flex wp-block-gallery-is-layout-flex\"><ul class=\"blocks-gallery-grid\"><li class=\"blocks-gallery-item\"><figure><img fetchpriority=\"high\" decoding=\"async\" width=\"1024\" height=\"768\" src=\"https:\/\/www.proyectohombreprovinciacadiz.org\/wp-content\/uploads\/2021\/06\/IMG-20210527-WA0096-1024x768.jpg\" alt=\"\" data-id=\"1660\" data-full-url=\"https:\/\/www.proyectohombreprovinciacadiz.org\/wp-content\/uploads\/2021\/06\/IMG-20210527-WA0096.jpg\" data-link=\"https:\/\/www.proyectohombreprovinciacadiz.org\/?attachment_id=1660#main\" class=\"wp-image-1660\" srcset=\"https:\/\/www.proyectohombreprovinciacadiz.org\/wp-content\/uploads\/2021\/06\/IMG-20210527-WA0096-1024x768.jpg 1024w, https:\/\/www.proyectohombreprovinciacadiz.org\/wp-content\/uploads\/2021\/06\/IMG-20210527-WA0096-300x225.jpg 300w, https:\/\/www.proyectohombreprovinciacadiz.org\/wp-content\/uploads\/2021\/06\/IMG-20210527-WA0096-768x576.jpg 768w, https:\/\/www.proyectohombreprovinciacadiz.org\/wp-content\/uploads\/2021\/06\/IMG-20210527-WA0096-1536x1152.jpg 1536w, https:\/\/www.proyectohombreprovinciacadiz.org\/wp-content\/uploads\/2021\/06\/IMG-20210527-WA0096.jpg 1824w\" sizes=\"(max-width: 1024px) 100vw, 1024px\" \/><\/figure><\/li><li class=\"blocks-gallery-item\"><figure><img decoding=\"async\" width=\"1024\" height=\"768\" src=\"https:\/\/www.proyectohombreprovinciacadiz.org\/wp-content\/uploads\/2021\/06\/IMG-20210527-WA0095-1024x768.jpg\" alt=\"\" data-id=\"1661\" data-full-url=\"https:\/\/www.proyectohombreprovinciacadiz.org\/wp-content\/uploads\/2021\/06\/IMG-20210527-WA0095.jpg\" data-link=\"https:\/\/www.proyectohombreprovinciacadiz.org\/?attachment_id=1661#main\" class=\"wp-image-1661\" srcset=\"https:\/\/www.proyectohombreprovinciacadiz.org\/wp-content\/uploads\/2021\/06\/IMG-20210527-WA0095-1024x768.jpg 1024w, https:\/\/www.proyectohombreprovinciacadiz.org\/wp-content\/uploads\/2021\/06\/IMG-20210527-WA0095-300x225.jpg 300w, https:\/\/www.proyectohombreprovinciacadiz.org\/wp-content\/uploads\/2021\/06\/IMG-20210527-WA0095-768x576.jpg 768w, https:\/\/www.proyectohombreprovinciacadiz.org\/wp-content\/uploads\/2021\/06\/IMG-20210527-WA0095-1536x1152.jpg 1536w, https:\/\/www.proyectohombreprovinciacadiz.org\/wp-content\/uploads\/2021\/06\/IMG-20210527-WA0095.jpg 1824w\" sizes=\"(max-width: 1024px) 100vw, 1024px\" \/><\/figure><\/li><li class=\"blocks-gallery-item\"><figure><img decoding=\"async\" width=\"1024\" height=\"768\" src=\"https:\/\/www.proyectohombreprovinciacadiz.org\/wp-content\/uploads\/2021\/06\/IMG-20210527-WA0097-1024x768.jpg\" alt=\"\" data-id=\"1662\" data-full-url=\"https:\/\/www.proyectohombreprovinciacadiz.org\/wp-content\/uploads\/2021\/06\/IMG-20210527-WA0097.jpg\" data-link=\"https:\/\/www.proyectohombreprovinciacadiz.org\/?attachment_id=1662#main\" class=\"wp-image-1662\" srcset=\"https:\/\/www.proyectohombreprovinciacadiz.org\/wp-content\/uploads\/2021\/06\/IMG-20210527-WA0097-1024x768.jpg 1024w, https:\/\/www.proyectohombreprovinciacadiz.org\/wp-content\/uploads\/2021\/06\/IMG-20210527-WA0097-300x225.jpg 300w, https:\/\/www.proyectohombreprovinciacadiz.org\/wp-content\/uploads\/2021\/06\/IMG-20210527-WA0097-768x576.jpg 768w, https:\/\/www.proyectohombreprovinciacadiz.org\/wp-content\/uploads\/2021\/06\/IMG-20210527-WA0097-1536x1152.jpg 1536w, https:\/\/www.proyectohombreprovinciacadiz.org\/wp-content\/uploads\/2021\/06\/IMG-20210527-WA0097.jpg 1824w\" sizes=\"(max-width: 1024px) 100vw, 1024px\" \/><\/figure><\/li><li class=\"blocks-gallery-item\"><figure><img loading=\"lazy\" decoding=\"async\" width=\"1024\" height=\"768\" src=\"https:\/\/www.proyectohombreprovinciacadiz.org\/wp-content\/uploads\/2021\/06\/IMG-20210517-WA0062-1024x768.jpg\" alt=\"\" data-id=\"1663\" data-full-url=\"https:\/\/www.proyectohombreprovinciacadiz.org\/wp-content\/uploads\/2021\/06\/IMG-20210517-WA0062.jpg\" data-link=\"https:\/\/www.proyectohombreprovinciacadiz.org\/?attachment_id=1663#main\" class=\"wp-image-1663\" srcset=\"https:\/\/www.proyectohombreprovinciacadiz.org\/wp-content\/uploads\/2021\/06\/IMG-20210517-WA0062-1024x768.jpg 1024w, https:\/\/www.proyectohombreprovinciacadiz.org\/wp-content\/uploads\/2021\/06\/IMG-20210517-WA0062-300x225.jpg 300w, https:\/\/www.proyectohombreprovinciacadiz.org\/wp-content\/uploads\/2021\/06\/IMG-20210517-WA0062-768x576.jpg 768w, https:\/\/www.proyectohombreprovinciacadiz.org\/wp-content\/uploads\/2021\/06\/IMG-20210517-WA0062-1536x1152.jpg 1536w, https:\/\/www.proyectohombreprovinciacadiz.org\/wp-content\/uploads\/2021\/06\/IMG-20210517-WA0062.jpg 1600w\" sizes=\"(max-width: 1024px) 100vw, 1024px\" \/><\/figure><\/li><li class=\"blocks-gallery-item\"><figure><img loading=\"lazy\" decoding=\"async\" width=\"1024\" height=\"768\" src=\"https:\/\/www.proyectohombreprovinciacadiz.org\/wp-content\/uploads\/2021\/06\/IMG-20210517-WA0067-1024x768.jpg\" alt=\"\" data-id=\"1664\" data-full-url=\"https:\/\/www.proyectohombreprovinciacadiz.org\/wp-content\/uploads\/2021\/06\/IMG-20210517-WA0067.jpg\" data-link=\"https:\/\/www.proyectohombreprovinciacadiz.org\/?attachment_id=1664#main\" class=\"wp-image-1664\" srcset=\"https:\/\/www.proyectohombreprovinciacadiz.org\/wp-content\/uploads\/2021\/06\/IMG-20210517-WA0067-1024x768.jpg 1024w, https:\/\/www.proyectohombreprovinciacadiz.org\/wp-content\/uploads\/2021\/06\/IMG-20210517-WA0067-300x225.jpg 300w, https:\/\/www.proyectohombreprovinciacadiz.org\/wp-content\/uploads\/2021\/06\/IMG-20210517-WA0067-768x576.jpg 768w, https:\/\/www.proyectohombreprovinciacadiz.org\/wp-content\/uploads\/2021\/06\/IMG-20210517-WA0067-1536x1152.jpg 1536w, https:\/\/www.proyectohombreprovinciacadiz.org\/wp-content\/uploads\/2021\/06\/IMG-20210517-WA0067.jpg 2048w\" sizes=\"(max-width: 1024px) 100vw, 1024px\" \/><\/figure><\/li><li class=\"blocks-gallery-item\"><figure><img loading=\"lazy\" decoding=\"async\" width=\"1024\" height=\"768\" src=\"https:\/\/www.proyectohombreprovinciacadiz.org\/wp-content\/uploads\/2021\/06\/IMG-20210517-WA0066-1024x768.jpg\" alt=\"\" data-id=\"1665\" data-full-url=\"https:\/\/www.proyectohombreprovinciacadiz.org\/wp-content\/uploads\/2021\/06\/IMG-20210517-WA0066.jpg\" data-link=\"https:\/\/www.proyectohombreprovinciacadiz.org\/?attachment_id=1665#main\" class=\"wp-image-1665\" srcset=\"https:\/\/www.proyectohombreprovinciacadiz.org\/wp-content\/uploads\/2021\/06\/IMG-20210517-WA0066-1024x768.jpg 1024w, https:\/\/www.proyectohombreprovinciacadiz.org\/wp-content\/uploads\/2021\/06\/IMG-20210517-WA0066-300x225.jpg 300w, https:\/\/www.proyectohombreprovinciacadiz.org\/wp-content\/uploads\/2021\/06\/IMG-20210517-WA0066-768x576.jpg 768w, https:\/\/www.proyectohombreprovinciacadiz.org\/wp-content\/uploads\/2021\/06\/IMG-20210517-WA0066-1536x1152.jpg 1536w, https:\/\/www.proyectohombreprovinciacadiz.org\/wp-content\/uploads\/2021\/06\/IMG-20210517-WA0066.jpg 1600w\" sizes=\"(max-width: 1024px) 100vw, 1024px\" \/><\/figure><\/li><li class=\"blocks-gallery-item\"><figure><img loading=\"lazy\" decoding=\"async\" width=\"1024\" height=\"768\" src=\"https:\/\/www.proyectohombreprovinciacadiz.org\/wp-content\/uploads\/2021\/06\/IMG-20210517-WA0059-1024x768.jpg\" alt=\"\" data-id=\"1666\" data-full-url=\"https:\/\/www.proyectohombreprovinciacadiz.org\/wp-content\/uploads\/2021\/06\/IMG-20210517-WA0059.jpg\" data-link=\"https:\/\/www.proyectohombreprovinciacadiz.org\/?attachment_id=1666#main\" class=\"wp-image-1666\" srcset=\"https:\/\/www.proyectohombreprovinciacadiz.org\/wp-content\/uploads\/2021\/06\/IMG-20210517-WA0059-1024x768.jpg 1024w, https:\/\/www.proyectohombreprovinciacadiz.org\/wp-content\/uploads\/2021\/06\/IMG-20210517-WA0059-300x225.jpg 300w, https:\/\/www.proyectohombreprovinciacadiz.org\/wp-content\/uploads\/2021\/06\/IMG-20210517-WA0059-768x576.jpg 768w, https:\/\/www.proyectohombreprovinciacadiz.org\/wp-content\/uploads\/2021\/06\/IMG-20210517-WA0059-1536x1152.jpg 1536w, https:\/\/www.proyectohombreprovinciacadiz.org\/wp-content\/uploads\/2021\/06\/IMG-20210517-WA0059.jpg 1600w\" sizes=\"(max-width: 1024px) 100vw, 1024px\" \/><\/figure><\/li><\/ul><\/figure>\n","protected":false},"excerpt":{"rendered":"<p>Durante los d\u00edas 13 y 27 de mayo se realizaron sesiones formativas e informativas para usuarios\/as del Centro de D\u00eda y sus familiares en nuestra sede en C\u00e1diz. Nuestra compa\u00f1era Valeria Gil se encarg\u00f3 de dotar de distintas herramientas para acompa\u00f1ar a menores y j\u00f3venes a que hagan un uso responsable y sano de las &#8230; <a title=\"Programa para educar en un uso responsable de las tecnolog\u00edas\" class=\"read-more\" href=\"https:\/\/www.proyectohombreprovinciacadiz.org\/index.php\/2021\/06\/08\/programa-para-educar-en-un-uso-responsable-de-las-tecnologias\/\" aria-label=\"M\u00e1s en Programa para educar en un uso responsable de las tecnolog\u00edas\">Leer m\u00e1s<\/a><\/p>\n","protected":false},"author":2,"featured_media":1659,"comment_status":"closed","ping_status":"closed","sticky":false,"template":"","format":"standard","meta":{"footnotes":""},"categories":[1],"tags":[],"class_list":["post-1658","post","type-post","status-publish","format-standard","has-post-thumbnail","hentry","category-sin-categoria"],"_links":{"self":[{"href":"https:\/\/www.proyectohombreprovinciacadiz.org\/index.php\/wp-json\/wp\/v2\/posts\/1658","targetHints":{"allow":["GET"]}}],"collection":[{"href":"https:\/\/www.proyectohombreprovinciacadiz.org\/index.php\/wp-json\/wp\/v2\/posts"}],"about":[{"href":"https:\/\/www.proyectohombreprovinciacadiz.org\/index.php\/wp-json\/wp\/v2\/types\/post"}],"author":[{"embeddable":true,"href":"https:\/\/www.proyectohombreprovinciacadiz.org\/index.php\/wp-json\/wp\/v2\/users\/2"}],"replies":[{"embeddable":true,"href":"https:\/\/www.proyectohombreprovinciacadiz.org\/index.php\/wp-json\/wp\/v2\/comments?post=1658"}],"version-history":[{"count":1,"href":"https:\/\/www.proyectohombreprovinciacadiz.org\/index.php\/wp-json\/wp\/v2\/posts\/1658\/revisions"}],"predecessor-version":[{"id":1667,"href":"https:\/\/www.proyectohombreprovinciacadiz.org\/index.php\/wp-json\/wp\/v2\/posts\/1658\/revisions\/1667"}],"wp:featuredmedia":[{"embeddable":true,"href":"https:\/\/www.proyectohombreprovinciacadiz.org\/index.php\/wp-json\/wp\/v2\/media\/1659"}],"wp:attachment":[{"href":"https:\/\/www.proyectohombreprovinciacadiz.org\/index.php\/wp-json\/wp\/v2\/media?parent=1658"}],"wp:term":[{"taxonomy":"category","embeddable":true,"href":"https:\/\/www.proyectohombreprovinciacadiz.org\/index.php\/wp-json\/wp\/v2\/categories?post=1658"},{"taxonomy":"post_tag","embeddable":true,"href":"https:\/\/www.proyectohombreprovinciacadiz.org\/index.php\/wp-json\/wp\/v2\/tags?post=1658"}],"curies":[{"name":"wp","href":"https:\/\/api.w.org\/{rel}","templated":true}]}}