{"id":1672,"date":"2021-06-17T09:50:09","date_gmt":"2021-06-17T07:50:09","guid":{"rendered":"https:\/\/www.proyectohombreprovinciacadiz.org\/?p=1672"},"modified":"2021-06-17T09:50:10","modified_gmt":"2021-06-17T07:50:10","slug":"jornada-de-formacion-al-personal-de-armada-en-san-fernando","status":"publish","type":"post","link":"https:\/\/www.proyectohombreprovinciacadiz.org\/index.php\/2021\/06\/17\/jornada-de-formacion-al-personal-de-armada-en-san-fernando\/","title":{"rendered":"Jornada de formaci\u00f3n al personal de Armada en San Fernando"},"content":{"rendered":"\n<p>Como en a\u00f1os anteriores, hemos participado en las Jornadas de formaci\u00f3n de mediadores en prevenci\u00f3n de drogodependencias, a trav\u00e9s del \u00d3rgano de Apoyo al personal de Armada en San Fernando, siendo siempre la intervenci\u00f3n bien acogida por el enfoque humanista que se la da al tema de las dependencias, abarcando tambi\u00e9n el tema del abuso a las tecnolog\u00edas y del juego patol\u00f3gico.<\/p>\n\n\n\n<p>En esta ocasi\u00f3n han impartido el seminario Valeria Gil y Luis B. Bononato.<\/p>\n","protected":false},"excerpt":{"rendered":"<p>Como en a\u00f1os anteriores, hemos participado en las Jornadas de formaci\u00f3n de mediadores en prevenci\u00f3n de drogodependencias, a trav\u00e9s del \u00d3rgano de Apoyo al personal de Armada en San Fernando, siendo siempre la intervenci\u00f3n bien acogida por el enfoque humanista que se la da al tema de las dependencias, abarcando tambi\u00e9n el tema del abuso &#8230; <a title=\"Jornada de formaci\u00f3n al personal de Armada en San Fernando\" class=\"read-more\" href=\"https:\/\/www.proyectohombreprovinciacadiz.org\/index.php\/2021\/06\/17\/jornada-de-formacion-al-personal-de-armada-en-san-fernando\/\" aria-label=\"M\u00e1s en Jornada de formaci\u00f3n al personal de Armada en San Fernando\">Leer m\u00e1s<\/a><\/p>\n","protected":false},"author":2,"featured_media":1673,"comment_status":"closed","ping_status":"closed","sticky":false,"template":"","format":"standard","meta":{"footnotes":""},"categories":[1],"tags":[],"class_list":["post-1672","post","type-post","status-publish","format-standard","has-post-thumbnail","hentry","category-sin-categoria"],"_links":{"self":[{"href":"https:\/\/www.proyectohombreprovinciacadiz.org\/index.php\/wp-json\/wp\/v2\/posts\/1672","targetHints":{"allow":["GET"]}}],"collection":[{"href":"https:\/\/www.proyectohombreprovinciacadiz.org\/index.php\/wp-json\/wp\/v2\/posts"}],"about":[{"href":"https:\/\/www.proyectohombreprovinciacadiz.org\/index.php\/wp-json\/wp\/v2\/types\/post"}],"author":[{"embeddable":true,"href":"https:\/\/www.proyectohombreprovinciacadiz.org\/index.php\/wp-json\/wp\/v2\/users\/2"}],"replies":[{"embeddable":true,"href":"https:\/\/www.proyectohombreprovinciacadiz.org\/index.php\/wp-json\/wp\/v2\/comments?post=1672"}],"version-history":[{"count":1,"href":"https:\/\/www.proyectohombreprovinciacadiz.org\/index.php\/wp-json\/wp\/v2\/posts\/1672\/revisions"}],"predecessor-version":[{"id":1674,"href":"https:\/\/www.proyectohombreprovinciacadiz.org\/index.php\/wp-json\/wp\/v2\/posts\/1672\/revisions\/1674"}],"wp:featuredmedia":[{"embeddable":true,"href":"https:\/\/www.proyectohombreprovinciacadiz.org\/index.php\/wp-json\/wp\/v2\/media\/1673"}],"wp:attachment":[{"href":"https:\/\/www.proyectohombreprovinciacadiz.org\/index.php\/wp-json\/wp\/v2\/media?parent=1672"}],"wp:term":[{"taxonomy":"category","embeddable":true,"href":"https:\/\/www.proyectohombreprovinciacadiz.org\/index.php\/wp-json\/wp\/v2\/categories?post=1672"},{"taxonomy":"post_tag","embeddable":true,"href":"https:\/\/www.proyectohombreprovinciacadiz.org\/index.php\/wp-json\/wp\/v2\/tags?post=1672"}],"curies":[{"name":"wp","href":"https:\/\/api.w.org\/{rel}","templated":true}]}}