{"id":1755,"date":"2021-08-07T14:04:54","date_gmt":"2021-08-07T12:04:54","guid":{"rendered":"https:\/\/www.proyectohombreprovinciacadiz.org\/?p=1755"},"modified":"2021-08-07T14:04:55","modified_gmt":"2021-08-07T12:04:55","slug":"graduacion-en-el-programa-de-proteccion-de-menores","status":"publish","type":"post","link":"https:\/\/www.proyectohombreprovinciacadiz.org\/index.php\/2021\/08\/07\/graduacion-en-el-programa-de-proteccion-de-menores\/","title":{"rendered":"Graduaci\u00f3n en el programa de Protecci\u00f3n de Menores"},"content":{"rendered":"\n<p>Despu\u00e9s de varios meses, y teniendo en cuenta la situaci\u00f3n actual, el pasado 29 de julio de 2021 tuvo lugar en nuestro Programa de Protecci\u00f3n de Menores la celebraci\u00f3n de un acto de Graduaci\u00f3n de uno de nuestros menores.&nbsp;<\/p>\n\n\n\n<p>Luis. B. Bononato, director de nuestra entidad, y la directora del Programa, Ana Cristina Menacho guiaron el acto, en el cu\u00e1l el menor S.A.A estuvo acompa\u00f1ado por Paqui D\u00edaz, psiquiatra del Centro, miembros del equipo y por sus compa\u00f1eros.&nbsp;<\/p>\n\n\n\n<p>Fue un acto muy emotivo, donde se manifest\u00f3 la evoluci\u00f3n positiva y el trabajo realizado por dicho menor.\u00a0<\/p>\n\n\n\n<div class=\"wp-block-image\"><figure class=\"aligncenter size-large is-resized\"><img fetchpriority=\"high\" decoding=\"async\" src=\"https:\/\/www.proyectohombreprovinciacadiz.org\/wp-content\/uploads\/2021\/08\/Foto-2-768x1024.jpg\" alt=\"\" class=\"wp-image-1757\" width=\"394\" height=\"525\" srcset=\"https:\/\/www.proyectohombreprovinciacadiz.org\/wp-content\/uploads\/2021\/08\/Foto-2-768x1024.jpg 768w, https:\/\/www.proyectohombreprovinciacadiz.org\/wp-content\/uploads\/2021\/08\/Foto-2-225x300.jpg 225w, https:\/\/www.proyectohombreprovinciacadiz.org\/wp-content\/uploads\/2021\/08\/Foto-2-1152x1536.jpg 1152w, https:\/\/www.proyectohombreprovinciacadiz.org\/wp-content\/uploads\/2021\/08\/Foto-2-1536x2048.jpg 1536w, https:\/\/www.proyectohombreprovinciacadiz.org\/wp-content\/uploads\/2021\/08\/Foto-2.jpg 1575w\" sizes=\"(max-width: 394px) 100vw, 394px\" \/><\/figure><\/div>\n","protected":false},"excerpt":{"rendered":"<p>Despu\u00e9s de varios meses, y teniendo en cuenta la situaci\u00f3n actual, el pasado 29 de julio de 2021 tuvo lugar en nuestro Programa de Protecci\u00f3n de Menores la celebraci\u00f3n de un acto de Graduaci\u00f3n de uno de nuestros menores.&nbsp; Luis. B. Bononato, director de nuestra entidad, y la directora del Programa, Ana Cristina Menacho guiaron &#8230; <a title=\"Graduaci\u00f3n en el programa de Protecci\u00f3n de Menores\" class=\"read-more\" href=\"https:\/\/www.proyectohombreprovinciacadiz.org\/index.php\/2021\/08\/07\/graduacion-en-el-programa-de-proteccion-de-menores\/\" aria-label=\"M\u00e1s en Graduaci\u00f3n en el programa de Protecci\u00f3n de Menores\">Leer m\u00e1s<\/a><\/p>\n","protected":false},"author":2,"featured_media":1756,"comment_status":"closed","ping_status":"closed","sticky":false,"template":"","format":"standard","meta":{"footnotes":""},"categories":[1],"tags":[],"class_list":["post-1755","post","type-post","status-publish","format-standard","has-post-thumbnail","hentry","category-sin-categoria"],"_links":{"self":[{"href":"https:\/\/www.proyectohombreprovinciacadiz.org\/index.php\/wp-json\/wp\/v2\/posts\/1755","targetHints":{"allow":["GET"]}}],"collection":[{"href":"https:\/\/www.proyectohombreprovinciacadiz.org\/index.php\/wp-json\/wp\/v2\/posts"}],"about":[{"href":"https:\/\/www.proyectohombreprovinciacadiz.org\/index.php\/wp-json\/wp\/v2\/types\/post"}],"author":[{"embeddable":true,"href":"https:\/\/www.proyectohombreprovinciacadiz.org\/index.php\/wp-json\/wp\/v2\/users\/2"}],"replies":[{"embeddable":true,"href":"https:\/\/www.proyectohombreprovinciacadiz.org\/index.php\/wp-json\/wp\/v2\/comments?post=1755"}],"version-history":[{"count":1,"href":"https:\/\/www.proyectohombreprovinciacadiz.org\/index.php\/wp-json\/wp\/v2\/posts\/1755\/revisions"}],"predecessor-version":[{"id":1758,"href":"https:\/\/www.proyectohombreprovinciacadiz.org\/index.php\/wp-json\/wp\/v2\/posts\/1755\/revisions\/1758"}],"wp:featuredmedia":[{"embeddable":true,"href":"https:\/\/www.proyectohombreprovinciacadiz.org\/index.php\/wp-json\/wp\/v2\/media\/1756"}],"wp:attachment":[{"href":"https:\/\/www.proyectohombreprovinciacadiz.org\/index.php\/wp-json\/wp\/v2\/media?parent=1755"}],"wp:term":[{"taxonomy":"category","embeddable":true,"href":"https:\/\/www.proyectohombreprovinciacadiz.org\/index.php\/wp-json\/wp\/v2\/categories?post=1755"},{"taxonomy":"post_tag","embeddable":true,"href":"https:\/\/www.proyectohombreprovinciacadiz.org\/index.php\/wp-json\/wp\/v2\/tags?post=1755"}],"curies":[{"name":"wp","href":"https:\/\/api.w.org\/{rel}","templated":true}]}}