{"id":1760,"date":"2021-08-21T12:43:44","date_gmt":"2021-08-21T10:43:44","guid":{"rendered":"https:\/\/www.proyectohombreprovinciacadiz.org\/?p=1760"},"modified":"2021-08-21T12:43:45","modified_gmt":"2021-08-21T10:43:45","slug":"gracias-al-voluntariado","status":"publish","type":"post","link":"https:\/\/www.proyectohombreprovinciacadiz.org\/index.php\/2021\/08\/21\/gracias-al-voluntariado\/","title":{"rendered":"Gracias al voluntariado"},"content":{"rendered":"\n<p>El escritor Eduardo Galeano dijo \u201cLos cient\u00edficos dicen que estamos hechos de \u00e1tomos, pero a m\u00ed, un pajarito me cont\u00f3 que estamos hechos de historias\u201d.<\/p>\n\n\n\n<p>Historias de vidas tan diversas como las que confluyen en una entidad como la nuestra, historias que se enriquecen unas de otras.<\/p>\n\n\n\n<p>Hoy queremos aprovechar esta publicaci\u00f3n para reconocer y agradecer infinitamente a todas y cada una de las personas voluntarias que d\u00eda a d\u00eda nos ayudan a reescribir historias. Gracias por vuestros testimonios de compromiso, que no conocen de edades ni estaciones\u2026 Gracias por traer vuestras propias historias que nos enriquecen.<\/p>\n\n\n\n<p>Hoy como ejemplo de nuestro personal voluntariado, agradecer a Manuel Bejarano uno de nuestro enfermeros favoritos, que tanto nos est\u00e1 ayudando en esta situaci\u00f3n de pandemia con su buen hacer y disponibilidad.<\/p>\n\n\n\n<p>A \u00e9l y a tod@s y cada un@ de los miembros de la familia de voluntariado de Proyecto Hombre\u2026.GRACIAS, GRACIAS, GRACIAS!&nbsp;<\/p>\n","protected":false},"excerpt":{"rendered":"<p>El escritor Eduardo Galeano dijo \u201cLos cient\u00edficos dicen que estamos hechos de \u00e1tomos, pero a m\u00ed, un pajarito me cont\u00f3 que estamos hechos de historias\u201d. Historias de vidas tan diversas como las que confluyen en una entidad como la nuestra, historias que se enriquecen unas de otras. Hoy queremos aprovechar esta publicaci\u00f3n para reconocer y &#8230; <a title=\"Gracias al voluntariado\" class=\"read-more\" href=\"https:\/\/www.proyectohombreprovinciacadiz.org\/index.php\/2021\/08\/21\/gracias-al-voluntariado\/\" aria-label=\"M\u00e1s en Gracias al voluntariado\">Leer m\u00e1s<\/a><\/p>\n","protected":false},"author":2,"featured_media":1761,"comment_status":"closed","ping_status":"closed","sticky":false,"template":"","format":"standard","meta":{"footnotes":""},"categories":[1],"tags":[],"class_list":["post-1760","post","type-post","status-publish","format-standard","has-post-thumbnail","hentry","category-sin-categoria"],"_links":{"self":[{"href":"https:\/\/www.proyectohombreprovinciacadiz.org\/index.php\/wp-json\/wp\/v2\/posts\/1760","targetHints":{"allow":["GET"]}}],"collection":[{"href":"https:\/\/www.proyectohombreprovinciacadiz.org\/index.php\/wp-json\/wp\/v2\/posts"}],"about":[{"href":"https:\/\/www.proyectohombreprovinciacadiz.org\/index.php\/wp-json\/wp\/v2\/types\/post"}],"author":[{"embeddable":true,"href":"https:\/\/www.proyectohombreprovinciacadiz.org\/index.php\/wp-json\/wp\/v2\/users\/2"}],"replies":[{"embeddable":true,"href":"https:\/\/www.proyectohombreprovinciacadiz.org\/index.php\/wp-json\/wp\/v2\/comments?post=1760"}],"version-history":[{"count":1,"href":"https:\/\/www.proyectohombreprovinciacadiz.org\/index.php\/wp-json\/wp\/v2\/posts\/1760\/revisions"}],"predecessor-version":[{"id":1762,"href":"https:\/\/www.proyectohombreprovinciacadiz.org\/index.php\/wp-json\/wp\/v2\/posts\/1760\/revisions\/1762"}],"wp:featuredmedia":[{"embeddable":true,"href":"https:\/\/www.proyectohombreprovinciacadiz.org\/index.php\/wp-json\/wp\/v2\/media\/1761"}],"wp:attachment":[{"href":"https:\/\/www.proyectohombreprovinciacadiz.org\/index.php\/wp-json\/wp\/v2\/media?parent=1760"}],"wp:term":[{"taxonomy":"category","embeddable":true,"href":"https:\/\/www.proyectohombreprovinciacadiz.org\/index.php\/wp-json\/wp\/v2\/categories?post=1760"},{"taxonomy":"post_tag","embeddable":true,"href":"https:\/\/www.proyectohombreprovinciacadiz.org\/index.php\/wp-json\/wp\/v2\/tags?post=1760"}],"curies":[{"name":"wp","href":"https:\/\/api.w.org\/{rel}","templated":true}]}}