{"id":1769,"date":"2021-09-30T17:19:33","date_gmt":"2021-09-30T15:19:33","guid":{"rendered":"https:\/\/www.proyectohombreprovinciacadiz.org\/?p=1769"},"modified":"2021-09-30T17:19:34","modified_gmt":"2021-09-30T15:19:34","slug":"erasmus-encuentro-en-francia","status":"publish","type":"post","link":"https:\/\/www.proyectohombreprovinciacadiz.org\/index.php\/2021\/09\/30\/erasmus-encuentro-en-francia\/","title":{"rendered":"Erasmus +. Encuentro en Francia"},"content":{"rendered":"\n<p>A trav\u00e9s del Proyecto ERASMUS + \u00abVOICE para la Inclusi\u00f3n, Ciudadan\u00eda y Empoderamiento\u00bb, personal de nuestra entidad ha estado realizando formaciones a lo largo de este a\u00f1o, y por fin lleg\u00f3 el primero de los cuatro encuentros de intercambio previstos.<\/p>\n\n\n\n<p>Este primer encuentro entre profesionales de los cuatro pa\u00edses participantes, Francia, Italia, Rumania y Espa\u00f1a, tuvo lugar la semana del 6 al 11 de Septiembre en la preciosa cuidad de Angers (Francia). France Horizon, es la entidad francesa que ha sido la organizadora de todo el programa que all\u00ed se ha desarrollado.<\/p>\n\n\n\n<p>Una experiencia \u00fanica de conocer de primera mano, algunas de las diferentes realidades de exclusi\u00f3n social que existen en esta zona de Francia y el abordaje que se realiza. Adem\u00e1s ha sido una oportunidad para conocer a profesionales de otros pa\u00edses, que al igual que nosotros, trabajan d\u00eda a d\u00eda por mejorar, desde distintos \u00e1mbitos, las situaciones de desigualdad y precariedad social.<\/p>\n\n\n\n<p>Desde nuestra entidad han podido disfrutar del encuentro nuestras compa\u00f1eras Ana Lucrecia Aranda, Valeria Gil, Marian Reyes, Sonia Pe\u00f1a, Natalia P\u00e9rez y Nuria Alc\u00f3n.Os dejamos algunas fotos de esta aventura que ha dejado mucho aprendizaje personal de ese que tanto nos gusta en nuestro Centro, porque nos ayudan a seguir creciendo.<\/p>\n\n\n\n<figure class=\"wp-block-gallery columns-2 is-cropped wp-block-gallery-1 is-layout-flex wp-block-gallery-is-layout-flex\"><ul class=\"blocks-gallery-grid\"><li class=\"blocks-gallery-item\"><figure><img fetchpriority=\"high\" decoding=\"async\" width=\"1024\" height=\"768\" src=\"https:\/\/www.proyectohombreprovinciacadiz.org\/wp-content\/uploads\/2021\/09\/IMG-20210905-WA0005.jpg\" alt=\"\" data-id=\"1771\" data-link=\"https:\/\/www.proyectohombreprovinciacadiz.org\/?attachment_id=1771#main\" class=\"wp-image-1771\" srcset=\"https:\/\/www.proyectohombreprovinciacadiz.org\/wp-content\/uploads\/2021\/09\/IMG-20210905-WA0005.jpg 1024w, https:\/\/www.proyectohombreprovinciacadiz.org\/wp-content\/uploads\/2021\/09\/IMG-20210905-WA0005-300x225.jpg 300w, https:\/\/www.proyectohombreprovinciacadiz.org\/wp-content\/uploads\/2021\/09\/IMG-20210905-WA0005-768x576.jpg 768w\" sizes=\"(max-width: 1024px) 100vw, 1024px\" \/><\/figure><\/li><li class=\"blocks-gallery-item\"><figure><img decoding=\"async\" width=\"1024\" height=\"575\" src=\"https:\/\/www.proyectohombreprovinciacadiz.org\/wp-content\/uploads\/2021\/09\/IMG_20210907_094233-1024x575.jpg\" alt=\"\" data-id=\"1772\" data-link=\"https:\/\/www.proyectohombreprovinciacadiz.org\/?attachment_id=1772#main\" class=\"wp-image-1772\" srcset=\"https:\/\/www.proyectohombreprovinciacadiz.org\/wp-content\/uploads\/2021\/09\/IMG_20210907_094233-1024x575.jpg 1024w, https:\/\/www.proyectohombreprovinciacadiz.org\/wp-content\/uploads\/2021\/09\/IMG_20210907_094233-300x169.jpg 300w, https:\/\/www.proyectohombreprovinciacadiz.org\/wp-content\/uploads\/2021\/09\/IMG_20210907_094233-768x432.jpg 768w, https:\/\/www.proyectohombreprovinciacadiz.org\/wp-content\/uploads\/2021\/09\/IMG_20210907_094233-1536x863.jpg 1536w, https:\/\/www.proyectohombreprovinciacadiz.org\/wp-content\/uploads\/2021\/09\/IMG_20210907_094233-2048x1151.jpg 2048w\" sizes=\"(max-width: 1024px) 100vw, 1024px\" \/><\/figure><\/li><li class=\"blocks-gallery-item\"><figure><img decoding=\"async\" width=\"1024\" height=\"768\" src=\"https:\/\/www.proyectohombreprovinciacadiz.org\/wp-content\/uploads\/2021\/09\/FB_IMG_1632400814757-1024x768.jpg\" alt=\"\" data-id=\"1773\" data-link=\"https:\/\/www.proyectohombreprovinciacadiz.org\/?attachment_id=1773#main\" class=\"wp-image-1773\" srcset=\"https:\/\/www.proyectohombreprovinciacadiz.org\/wp-content\/uploads\/2021\/09\/FB_IMG_1632400814757-1024x768.jpg 1024w, https:\/\/www.proyectohombreprovinciacadiz.org\/wp-content\/uploads\/2021\/09\/FB_IMG_1632400814757-300x225.jpg 300w, https:\/\/www.proyectohombreprovinciacadiz.org\/wp-content\/uploads\/2021\/09\/FB_IMG_1632400814757-768x576.jpg 768w, https:\/\/www.proyectohombreprovinciacadiz.org\/wp-content\/uploads\/2021\/09\/FB_IMG_1632400814757.jpg 1080w\" sizes=\"(max-width: 1024px) 100vw, 1024px\" \/><\/figure><\/li><li class=\"blocks-gallery-item\"><figure><img loading=\"lazy\" decoding=\"async\" width=\"960\" height=\"720\" src=\"https:\/\/www.proyectohombreprovinciacadiz.org\/wp-content\/uploads\/2021\/09\/FB_IMG_1632400889767.jpg\" alt=\"\" data-id=\"1774\" data-link=\"https:\/\/www.proyectohombreprovinciacadiz.org\/?attachment_id=1774#main\" class=\"wp-image-1774\" srcset=\"https:\/\/www.proyectohombreprovinciacadiz.org\/wp-content\/uploads\/2021\/09\/FB_IMG_1632400889767.jpg 960w, https:\/\/www.proyectohombreprovinciacadiz.org\/wp-content\/uploads\/2021\/09\/FB_IMG_1632400889767-300x225.jpg 300w, https:\/\/www.proyectohombreprovinciacadiz.org\/wp-content\/uploads\/2021\/09\/FB_IMG_1632400889767-768x576.jpg 768w\" sizes=\"(max-width: 960px) 100vw, 960px\" \/><\/figure><\/li><\/ul><\/figure>\n","protected":false},"excerpt":{"rendered":"<p>A trav\u00e9s del Proyecto ERASMUS + \u00abVOICE para la Inclusi\u00f3n, Ciudadan\u00eda y Empoderamiento\u00bb, personal de nuestra entidad ha estado realizando formaciones a lo largo de este a\u00f1o, y por fin lleg\u00f3 el primero de los cuatro encuentros de intercambio previstos. Este primer encuentro entre profesionales de los cuatro pa\u00edses participantes, Francia, Italia, Rumania y Espa\u00f1a, &#8230; <a title=\"Erasmus +. Encuentro en Francia\" class=\"read-more\" href=\"https:\/\/www.proyectohombreprovinciacadiz.org\/index.php\/2021\/09\/30\/erasmus-encuentro-en-francia\/\" aria-label=\"M\u00e1s en Erasmus +. Encuentro en Francia\">Leer m\u00e1s<\/a><\/p>\n","protected":false},"author":2,"featured_media":1770,"comment_status":"closed","ping_status":"closed","sticky":false,"template":"","format":"standard","meta":{"footnotes":""},"categories":[1],"tags":[],"class_list":["post-1769","post","type-post","status-publish","format-standard","has-post-thumbnail","hentry","category-sin-categoria"],"_links":{"self":[{"href":"https:\/\/www.proyectohombreprovinciacadiz.org\/index.php\/wp-json\/wp\/v2\/posts\/1769","targetHints":{"allow":["GET"]}}],"collection":[{"href":"https:\/\/www.proyectohombreprovinciacadiz.org\/index.php\/wp-json\/wp\/v2\/posts"}],"about":[{"href":"https:\/\/www.proyectohombreprovinciacadiz.org\/index.php\/wp-json\/wp\/v2\/types\/post"}],"author":[{"embeddable":true,"href":"https:\/\/www.proyectohombreprovinciacadiz.org\/index.php\/wp-json\/wp\/v2\/users\/2"}],"replies":[{"embeddable":true,"href":"https:\/\/www.proyectohombreprovinciacadiz.org\/index.php\/wp-json\/wp\/v2\/comments?post=1769"}],"version-history":[{"count":1,"href":"https:\/\/www.proyectohombreprovinciacadiz.org\/index.php\/wp-json\/wp\/v2\/posts\/1769\/revisions"}],"predecessor-version":[{"id":1776,"href":"https:\/\/www.proyectohombreprovinciacadiz.org\/index.php\/wp-json\/wp\/v2\/posts\/1769\/revisions\/1776"}],"wp:featuredmedia":[{"embeddable":true,"href":"https:\/\/www.proyectohombreprovinciacadiz.org\/index.php\/wp-json\/wp\/v2\/media\/1770"}],"wp:attachment":[{"href":"https:\/\/www.proyectohombreprovinciacadiz.org\/index.php\/wp-json\/wp\/v2\/media?parent=1769"}],"wp:term":[{"taxonomy":"category","embeddable":true,"href":"https:\/\/www.proyectohombreprovinciacadiz.org\/index.php\/wp-json\/wp\/v2\/categories?post=1769"},{"taxonomy":"post_tag","embeddable":true,"href":"https:\/\/www.proyectohombreprovinciacadiz.org\/index.php\/wp-json\/wp\/v2\/tags?post=1769"}],"curies":[{"name":"wp","href":"https:\/\/api.w.org\/{rel}","templated":true}]}}