{"id":1783,"date":"2021-09-30T17:34:13","date_gmt":"2021-09-30T15:34:13","guid":{"rendered":"https:\/\/www.proyectohombreprovinciacadiz.org\/?p=1783"},"modified":"2021-09-30T17:34:14","modified_gmt":"2021-09-30T15:34:14","slug":"la-regata-proyecto-hombre-cumple-dos-decadas","status":"publish","type":"post","link":"https:\/\/www.proyectohombreprovinciacadiz.org\/index.php\/2021\/09\/30\/la-regata-proyecto-hombre-cumple-dos-decadas\/","title":{"rendered":"La regata Proyecto Hombre cumple dos d\u00e9cadas"},"content":{"rendered":"\n<p>La Regata&nbsp;Proyecto Hombre&nbsp;llega a su edici\u00f3n n\u00famero 20 este pr\u00f3ximo domingo 3 de octubre y lo celebra con una traves\u00eda entre Chipiona y El Puerto de Santa Mar\u00eda. La regata solidaria a beneficio de Proyecto Hombre, que atiende a personas con problemas de adicciones y sus familias, de la provincia de C\u00e1diz, llega fiel a su cita para mover conciencias entre regatistas y aficionados, a los que pide su contribuci\u00f3n formalizando una inscripci\u00f3n a la regata, bien para competir o acompa\u00f1ar a la flota en el recorrido entre ambas localidades.&nbsp;<\/p>\n\n\n\n<p>El RCN de El Puerto de Santa Mar\u00eda, organizador de la regata, posibilita esta ayuda tambi\u00e9n a trav\u00e9s de la inscripci\u00f3n en el llamado barco 0, depositando un donativo en el n\u00famero de cuenta: ES23 0182 3146 45 0011495008.&nbsp;<\/p>\n\n\n\n<p>\u00a1Muchas gracias, un a\u00f1o m\u00e1s al RCN de El Puerto de Santa Mar\u00eda y a participantes y colaboradores!<\/p>\n","protected":false},"excerpt":{"rendered":"<p>La Regata&nbsp;Proyecto Hombre&nbsp;llega a su edici\u00f3n n\u00famero 20 este pr\u00f3ximo domingo 3 de octubre y lo celebra con una traves\u00eda entre Chipiona y El Puerto de Santa Mar\u00eda. La regata solidaria a beneficio de Proyecto Hombre, que atiende a personas con problemas de adicciones y sus familias, de la provincia de C\u00e1diz, llega fiel a &#8230; <a title=\"La regata Proyecto Hombre cumple dos d\u00e9cadas\" class=\"read-more\" href=\"https:\/\/www.proyectohombreprovinciacadiz.org\/index.php\/2021\/09\/30\/la-regata-proyecto-hombre-cumple-dos-decadas\/\" aria-label=\"M\u00e1s en La regata Proyecto Hombre cumple dos d\u00e9cadas\">Leer m\u00e1s<\/a><\/p>\n","protected":false},"author":2,"featured_media":1784,"comment_status":"closed","ping_status":"closed","sticky":false,"template":"","format":"standard","meta":{"footnotes":""},"categories":[1],"tags":[],"class_list":["post-1783","post","type-post","status-publish","format-standard","has-post-thumbnail","hentry","category-sin-categoria"],"_links":{"self":[{"href":"https:\/\/www.proyectohombreprovinciacadiz.org\/index.php\/wp-json\/wp\/v2\/posts\/1783","targetHints":{"allow":["GET"]}}],"collection":[{"href":"https:\/\/www.proyectohombreprovinciacadiz.org\/index.php\/wp-json\/wp\/v2\/posts"}],"about":[{"href":"https:\/\/www.proyectohombreprovinciacadiz.org\/index.php\/wp-json\/wp\/v2\/types\/post"}],"author":[{"embeddable":true,"href":"https:\/\/www.proyectohombreprovinciacadiz.org\/index.php\/wp-json\/wp\/v2\/users\/2"}],"replies":[{"embeddable":true,"href":"https:\/\/www.proyectohombreprovinciacadiz.org\/index.php\/wp-json\/wp\/v2\/comments?post=1783"}],"version-history":[{"count":1,"href":"https:\/\/www.proyectohombreprovinciacadiz.org\/index.php\/wp-json\/wp\/v2\/posts\/1783\/revisions"}],"predecessor-version":[{"id":1785,"href":"https:\/\/www.proyectohombreprovinciacadiz.org\/index.php\/wp-json\/wp\/v2\/posts\/1783\/revisions\/1785"}],"wp:featuredmedia":[{"embeddable":true,"href":"https:\/\/www.proyectohombreprovinciacadiz.org\/index.php\/wp-json\/wp\/v2\/media\/1784"}],"wp:attachment":[{"href":"https:\/\/www.proyectohombreprovinciacadiz.org\/index.php\/wp-json\/wp\/v2\/media?parent=1783"}],"wp:term":[{"taxonomy":"category","embeddable":true,"href":"https:\/\/www.proyectohombreprovinciacadiz.org\/index.php\/wp-json\/wp\/v2\/categories?post=1783"},{"taxonomy":"post_tag","embeddable":true,"href":"https:\/\/www.proyectohombreprovinciacadiz.org\/index.php\/wp-json\/wp\/v2\/tags?post=1783"}],"curies":[{"name":"wp","href":"https:\/\/api.w.org\/{rel}","templated":true}]}}