{"id":2246,"date":"2022-11-09T13:39:37","date_gmt":"2022-11-09T12:39:37","guid":{"rendered":"https:\/\/www.proyectohombreprovinciacadiz.org\/?p=2246"},"modified":"2022-11-09T13:39:38","modified_gmt":"2022-11-09T12:39:38","slug":"convivencia-educativa-en-la-sede-de-cadiz","status":"publish","type":"post","link":"https:\/\/www.proyectohombreprovinciacadiz.org\/index.php\/2022\/11\/09\/convivencia-educativa-en-la-sede-de-cadiz\/","title":{"rendered":"Convivencia educativa en la sede de C\u00e1diz."},"content":{"rendered":"\n<p>El 24 de octubre tuvo lugar una convivencia educativa en el Centro de D\u00eda de Proyecto Hombre en C\u00e1diz. Los usuarios\/as del Grupo Normativo, trabajaron sobre el sentimiento de soledad. Tras el par\u00e9ntesis de la pandemia, el equipo realiz\u00f3 la actividad durante todo el d\u00eda. Los familiares se unieron al final de la jornada para compartir una din\u00e1mica familiar. La valoraci\u00f3n recibida por parte de las personas usuarias ha sido muy positiva, as\u00ed como la implicaci\u00f3n de todas las personas participantes.<\/p>\n\n\n\n<figure class=\"wp-block-image size-large\"><img fetchpriority=\"high\" decoding=\"async\" width=\"1024\" height=\"768\" src=\"https:\/\/www.proyectohombreprovinciacadiz.org\/wp-content\/uploads\/2022\/11\/PH-Cadiz.-Convivencia-1024x768.jpg\" alt=\"\" class=\"wp-image-2247\" srcset=\"https:\/\/www.proyectohombreprovinciacadiz.org\/wp-content\/uploads\/2022\/11\/PH-Cadiz.-Convivencia-1024x768.jpg 1024w, https:\/\/www.proyectohombreprovinciacadiz.org\/wp-content\/uploads\/2022\/11\/PH-Cadiz.-Convivencia-300x225.jpg 300w, https:\/\/www.proyectohombreprovinciacadiz.org\/wp-content\/uploads\/2022\/11\/PH-Cadiz.-Convivencia-768x576.jpg 768w, https:\/\/www.proyectohombreprovinciacadiz.org\/wp-content\/uploads\/2022\/11\/PH-Cadiz.-Convivencia-1536x1152.jpg 1536w, https:\/\/www.proyectohombreprovinciacadiz.org\/wp-content\/uploads\/2022\/11\/PH-Cadiz.-Convivencia.jpg 1600w\" sizes=\"(max-width: 1024px) 100vw, 1024px\" \/><\/figure>\n","protected":false},"excerpt":{"rendered":"<p>El 24 de octubre tuvo lugar una convivencia educativa en el Centro de D\u00eda de Proyecto Hombre en C\u00e1diz. Los usuarios\/as del Grupo Normativo, trabajaron sobre el sentimiento de soledad. Tras el par\u00e9ntesis de la pandemia, el equipo realiz\u00f3 la actividad durante todo el d\u00eda. Los familiares se unieron al final de la jornada para &#8230; <a title=\"Convivencia educativa en la sede de C\u00e1diz.\" class=\"read-more\" href=\"https:\/\/www.proyectohombreprovinciacadiz.org\/index.php\/2022\/11\/09\/convivencia-educativa-en-la-sede-de-cadiz\/\" aria-label=\"M\u00e1s en Convivencia educativa en la sede de C\u00e1diz.\">Leer m\u00e1s<\/a><\/p>\n","protected":false},"author":2,"featured_media":0,"comment_status":"closed","ping_status":"closed","sticky":false,"template":"","format":"standard","meta":{"footnotes":""},"categories":[1],"tags":[],"class_list":["post-2246","post","type-post","status-publish","format-standard","hentry","category-sin-categoria"],"_links":{"self":[{"href":"https:\/\/www.proyectohombreprovinciacadiz.org\/index.php\/wp-json\/wp\/v2\/posts\/2246","targetHints":{"allow":["GET"]}}],"collection":[{"href":"https:\/\/www.proyectohombreprovinciacadiz.org\/index.php\/wp-json\/wp\/v2\/posts"}],"about":[{"href":"https:\/\/www.proyectohombreprovinciacadiz.org\/index.php\/wp-json\/wp\/v2\/types\/post"}],"author":[{"embeddable":true,"href":"https:\/\/www.proyectohombreprovinciacadiz.org\/index.php\/wp-json\/wp\/v2\/users\/2"}],"replies":[{"embeddable":true,"href":"https:\/\/www.proyectohombreprovinciacadiz.org\/index.php\/wp-json\/wp\/v2\/comments?post=2246"}],"version-history":[{"count":1,"href":"https:\/\/www.proyectohombreprovinciacadiz.org\/index.php\/wp-json\/wp\/v2\/posts\/2246\/revisions"}],"predecessor-version":[{"id":2248,"href":"https:\/\/www.proyectohombreprovinciacadiz.org\/index.php\/wp-json\/wp\/v2\/posts\/2246\/revisions\/2248"}],"wp:attachment":[{"href":"https:\/\/www.proyectohombreprovinciacadiz.org\/index.php\/wp-json\/wp\/v2\/media?parent=2246"}],"wp:term":[{"taxonomy":"category","embeddable":true,"href":"https:\/\/www.proyectohombreprovinciacadiz.org\/index.php\/wp-json\/wp\/v2\/categories?post=2246"},{"taxonomy":"post_tag","embeddable":true,"href":"https:\/\/www.proyectohombreprovinciacadiz.org\/index.php\/wp-json\/wp\/v2\/tags?post=2246"}],"curies":[{"name":"wp","href":"https:\/\/api.w.org\/{rel}","templated":true}]}}