{"id":2495,"date":"2023-03-16T16:35:32","date_gmt":"2023-03-16T15:35:32","guid":{"rendered":"https:\/\/www.proyectohombreprovinciacadiz.org\/?p=2495"},"modified":"2023-03-16T16:35:33","modified_gmt":"2023-03-16T15:35:33","slug":"jornada-de-puertas-abiertas-en-el-centro-de-dia-de-ph-cadiz","status":"publish","type":"post","link":"https:\/\/www.proyectohombreprovinciacadiz.org\/index.php\/2023\/03\/16\/jornada-de-puertas-abiertas-en-el-centro-de-dia-de-ph-cadiz\/","title":{"rendered":"Jornada de puertas abiertas en el centro de d\u00eda de PH C\u00e1diz"},"content":{"rendered":"\n<figure class=\"wp-block-table\"><table><thead><tr><td>El 14 de marzo, se celebr\u00f3 la primera Jornada de Puertas Abiertas en el Centro de D\u00eda que Proyecto Hombre provincia de C\u00e1diz tiene en el edificio municipal Hermanas Mirabal de C\u00e1diz.<br><br>Esta iniciativa se encuadra dentro de las actividades de difusi\u00f3n del trabajo que se realiza en este Centro de D\u00eda dedicado tanto a la prevenci\u00f3n como a la intervenci\u00f3n en el \u00e1rea de las adicciones.<br><br>Al encuentro asistieron miembros de Procasa, Fundaci\u00f3n Diagrama, Amigas del Sur, Centro de Salud de Conil de la Frontera, Agamama, FAEM, Polic\u00eda Nacional y varios representantes del Ayuntamiento de C\u00e1diz.<br><br>Por parte de Proyecto Hombre provincia de C\u00e1diz, estuvieron presentes los miembros del equipo t\u00e9cnico, Carlos A. de Silva y M\u00aa Janet Mart\u00ednez, acompa\u00f1ados de dos personas voluntarias del Centro de D\u00eda, as\u00ed como dos usuarios de uno de los programas ambulatorios del Centro de D\u00eda, y varios familiares de usuarios, entre ellos dos madres de adolescentes que han realizado el Proyecto Joven, programa de Proyecto Hombre espec\u00edfico para adolescentes.<br><br>Tras una breve exposici\u00f3n sobre en qu\u00e9 consiste el modelo de trabajo de Proyecto Hombre, las personas asistentes tuvieron la oportunidad de escuchar los testimonios de quienes han realizado el programa, comprobando el resultado de cambio total de estilo de vida y mejora en todo el entorno familiar.<br><br>Todos los participantes insistieron en la necesidad de trabajar en red y de m\u00e1s recursos para poder llevar a cabo todas las propuestas que se presentaron.<br><br><\/td><\/tr><\/thead><\/table><\/figure>\n\n\n\n<figure class=\"wp-block-gallery has-nested-images columns-default is-cropped wp-block-gallery-1 is-layout-flex wp-block-gallery-is-layout-flex\">\n<figure class=\"wp-block-image size-large\"><img fetchpriority=\"high\" decoding=\"async\" width=\"576\" height=\"1024\" data-id=\"2497\" src=\"https:\/\/www.proyectohombreprovinciacadiz.org\/wp-content\/uploads\/2023\/03\/PUERTAS-ABIERTAS-1-576x1024.jpg\" alt=\"\" class=\"wp-image-2497\" srcset=\"https:\/\/www.proyectohombreprovinciacadiz.org\/wp-content\/uploads\/2023\/03\/PUERTAS-ABIERTAS-1-576x1024.jpg 576w, https:\/\/www.proyectohombreprovinciacadiz.org\/wp-content\/uploads\/2023\/03\/PUERTAS-ABIERTAS-1-169x300.jpg 169w, https:\/\/www.proyectohombreprovinciacadiz.org\/wp-content\/uploads\/2023\/03\/PUERTAS-ABIERTAS-1-768x1365.jpg 768w, https:\/\/www.proyectohombreprovinciacadiz.org\/wp-content\/uploads\/2023\/03\/PUERTAS-ABIERTAS-1-864x1536.jpg 864w, https:\/\/www.proyectohombreprovinciacadiz.org\/wp-content\/uploads\/2023\/03\/PUERTAS-ABIERTAS-1.jpg 1125w\" sizes=\"(max-width: 576px) 100vw, 576px\" \/><\/figure>\n\n\n\n<figure class=\"wp-block-image size-large\"><img decoding=\"async\" width=\"1024\" height=\"768\" data-id=\"2496\" src=\"https:\/\/www.proyectohombreprovinciacadiz.org\/wp-content\/uploads\/2023\/03\/PUERTAS-ABIERTAS-2.jpg\" alt=\"\" class=\"wp-image-2496\" srcset=\"https:\/\/www.proyectohombreprovinciacadiz.org\/wp-content\/uploads\/2023\/03\/PUERTAS-ABIERTAS-2.jpg 1024w, https:\/\/www.proyectohombreprovinciacadiz.org\/wp-content\/uploads\/2023\/03\/PUERTAS-ABIERTAS-2-300x225.jpg 300w, https:\/\/www.proyectohombreprovinciacadiz.org\/wp-content\/uploads\/2023\/03\/PUERTAS-ABIERTAS-2-768x576.jpg 768w\" sizes=\"(max-width: 1024px) 100vw, 1024px\" \/><\/figure>\n<\/figure>\n","protected":false},"excerpt":{"rendered":"<p>El 14 de marzo, se celebr\u00f3 la primera Jornada de Puertas Abiertas en el Centro de D\u00eda que Proyecto Hombre provincia de C\u00e1diz tiene en el edificio municipal Hermanas Mirabal de C\u00e1diz. Esta iniciativa se encuadra dentro de las actividades de difusi\u00f3n del trabajo que se realiza en este Centro de D\u00eda dedicado tanto a &#8230; <a title=\"Jornada de puertas abiertas en el centro de d\u00eda de PH C\u00e1diz\" class=\"read-more\" href=\"https:\/\/www.proyectohombreprovinciacadiz.org\/index.php\/2023\/03\/16\/jornada-de-puertas-abiertas-en-el-centro-de-dia-de-ph-cadiz\/\" aria-label=\"M\u00e1s en Jornada de puertas abiertas en el centro de d\u00eda de PH C\u00e1diz\">Leer m\u00e1s<\/a><\/p>\n","protected":false},"author":2,"featured_media":0,"comment_status":"closed","ping_status":"closed","sticky":false,"template":"","format":"standard","meta":{"footnotes":""},"categories":[1],"tags":[],"class_list":["post-2495","post","type-post","status-publish","format-standard","hentry","category-sin-categoria"],"_links":{"self":[{"href":"https:\/\/www.proyectohombreprovinciacadiz.org\/index.php\/wp-json\/wp\/v2\/posts\/2495","targetHints":{"allow":["GET"]}}],"collection":[{"href":"https:\/\/www.proyectohombreprovinciacadiz.org\/index.php\/wp-json\/wp\/v2\/posts"}],"about":[{"href":"https:\/\/www.proyectohombreprovinciacadiz.org\/index.php\/wp-json\/wp\/v2\/types\/post"}],"author":[{"embeddable":true,"href":"https:\/\/www.proyectohombreprovinciacadiz.org\/index.php\/wp-json\/wp\/v2\/users\/2"}],"replies":[{"embeddable":true,"href":"https:\/\/www.proyectohombreprovinciacadiz.org\/index.php\/wp-json\/wp\/v2\/comments?post=2495"}],"version-history":[{"count":1,"href":"https:\/\/www.proyectohombreprovinciacadiz.org\/index.php\/wp-json\/wp\/v2\/posts\/2495\/revisions"}],"predecessor-version":[{"id":2498,"href":"https:\/\/www.proyectohombreprovinciacadiz.org\/index.php\/wp-json\/wp\/v2\/posts\/2495\/revisions\/2498"}],"wp:attachment":[{"href":"https:\/\/www.proyectohombreprovinciacadiz.org\/index.php\/wp-json\/wp\/v2\/media?parent=2495"}],"wp:term":[{"taxonomy":"category","embeddable":true,"href":"https:\/\/www.proyectohombreprovinciacadiz.org\/index.php\/wp-json\/wp\/v2\/categories?post=2495"},{"taxonomy":"post_tag","embeddable":true,"href":"https:\/\/www.proyectohombreprovinciacadiz.org\/index.php\/wp-json\/wp\/v2\/tags?post=2495"}],"curies":[{"name":"wp","href":"https:\/\/api.w.org\/{rel}","templated":true}]}}