{"id":2499,"date":"2023-03-16T16:47:31","date_gmt":"2023-03-16T15:47:31","guid":{"rendered":"https:\/\/www.proyectohombreprovinciacadiz.org\/?p=2499"},"modified":"2023-03-16T16:47:32","modified_gmt":"2023-03-16T15:47:32","slug":"reunion-con-gema-mena-delegada-de-educacion-de-vejer-de-la-frontera","status":"publish","type":"post","link":"https:\/\/www.proyectohombreprovinciacadiz.org\/index.php\/2023\/03\/16\/reunion-con-gema-mena-delegada-de-educacion-de-vejer-de-la-frontera\/","title":{"rendered":"Reuni\u00f3n con Gema Mena, Delegada de Educaci\u00f3n de Vejer de la Frontera."},"content":{"rendered":"\n<p>El pasado 13 de marzo miembros del equipo de Prevenci\u00f3n se reun\u00eda con Gema Mena, delegada de Educaci\u00f3n de Vejer de la Frontera y parte del equipo educativo del I.E.S La Janda, para tender puentes de colaboraci\u00f3n entre las partes implicadas e intervenir con los\/as adolescentes y las familias de la localidad.<\/p>\n\n\n\n<figure class=\"wp-block-gallery has-nested-images columns-default is-cropped wp-block-gallery-1 is-layout-flex wp-block-gallery-is-layout-flex\">\n<figure class=\"wp-block-image size-large\"><img fetchpriority=\"high\" decoding=\"async\" width=\"1024\" height=\"766\" data-id=\"2500\" src=\"https:\/\/www.proyectohombreprovinciacadiz.org\/wp-content\/uploads\/2023\/03\/341d834b-0684-443e-adef-d06040ce4bce-1024x766.jpg\" alt=\"\" class=\"wp-image-2500\" srcset=\"https:\/\/www.proyectohombreprovinciacadiz.org\/wp-content\/uploads\/2023\/03\/341d834b-0684-443e-adef-d06040ce4bce-1024x766.jpg 1024w, https:\/\/www.proyectohombreprovinciacadiz.org\/wp-content\/uploads\/2023\/03\/341d834b-0684-443e-adef-d06040ce4bce-300x224.jpg 300w, https:\/\/www.proyectohombreprovinciacadiz.org\/wp-content\/uploads\/2023\/03\/341d834b-0684-443e-adef-d06040ce4bce-768x574.jpg 768w, https:\/\/www.proyectohombreprovinciacadiz.org\/wp-content\/uploads\/2023\/03\/341d834b-0684-443e-adef-d06040ce4bce-1536x1149.jpg 1536w, https:\/\/www.proyectohombreprovinciacadiz.org\/wp-content\/uploads\/2023\/03\/341d834b-0684-443e-adef-d06040ce4bce.jpg 2000w\" sizes=\"(max-width: 1024px) 100vw, 1024px\" \/><\/figure>\n\n\n\n<figure class=\"wp-block-image size-large\"><img decoding=\"async\" width=\"1024\" height=\"766\" data-id=\"2501\" src=\"https:\/\/www.proyectohombreprovinciacadiz.org\/wp-content\/uploads\/2023\/03\/bd6ba7ec-1924-4950-9329-65cadcb20e05-1024x766.jpg\" alt=\"\" class=\"wp-image-2501\" srcset=\"https:\/\/www.proyectohombreprovinciacadiz.org\/wp-content\/uploads\/2023\/03\/bd6ba7ec-1924-4950-9329-65cadcb20e05-1024x766.jpg 1024w, https:\/\/www.proyectohombreprovinciacadiz.org\/wp-content\/uploads\/2023\/03\/bd6ba7ec-1924-4950-9329-65cadcb20e05-300x224.jpg 300w, https:\/\/www.proyectohombreprovinciacadiz.org\/wp-content\/uploads\/2023\/03\/bd6ba7ec-1924-4950-9329-65cadcb20e05-768x574.jpg 768w, https:\/\/www.proyectohombreprovinciacadiz.org\/wp-content\/uploads\/2023\/03\/bd6ba7ec-1924-4950-9329-65cadcb20e05-1536x1149.jpg 1536w, https:\/\/www.proyectohombreprovinciacadiz.org\/wp-content\/uploads\/2023\/03\/bd6ba7ec-1924-4950-9329-65cadcb20e05.jpg 2000w\" sizes=\"(max-width: 1024px) 100vw, 1024px\" \/><\/figure>\n<\/figure>\n","protected":false},"excerpt":{"rendered":"<p>El pasado 13 de marzo miembros del equipo de Prevenci\u00f3n se reun\u00eda con Gema Mena, delegada de Educaci\u00f3n de Vejer de la Frontera y parte del equipo educativo del I.E.S La Janda, para tender puentes de colaboraci\u00f3n entre las partes implicadas e intervenir con los\/as adolescentes y las familias de la localidad.<\/p>\n","protected":false},"author":2,"featured_media":0,"comment_status":"closed","ping_status":"closed","sticky":false,"template":"","format":"standard","meta":{"footnotes":""},"categories":[1],"tags":[],"class_list":["post-2499","post","type-post","status-publish","format-standard","hentry","category-sin-categoria"],"_links":{"self":[{"href":"https:\/\/www.proyectohombreprovinciacadiz.org\/index.php\/wp-json\/wp\/v2\/posts\/2499","targetHints":{"allow":["GET"]}}],"collection":[{"href":"https:\/\/www.proyectohombreprovinciacadiz.org\/index.php\/wp-json\/wp\/v2\/posts"}],"about":[{"href":"https:\/\/www.proyectohombreprovinciacadiz.org\/index.php\/wp-json\/wp\/v2\/types\/post"}],"author":[{"embeddable":true,"href":"https:\/\/www.proyectohombreprovinciacadiz.org\/index.php\/wp-json\/wp\/v2\/users\/2"}],"replies":[{"embeddable":true,"href":"https:\/\/www.proyectohombreprovinciacadiz.org\/index.php\/wp-json\/wp\/v2\/comments?post=2499"}],"version-history":[{"count":1,"href":"https:\/\/www.proyectohombreprovinciacadiz.org\/index.php\/wp-json\/wp\/v2\/posts\/2499\/revisions"}],"predecessor-version":[{"id":2502,"href":"https:\/\/www.proyectohombreprovinciacadiz.org\/index.php\/wp-json\/wp\/v2\/posts\/2499\/revisions\/2502"}],"wp:attachment":[{"href":"https:\/\/www.proyectohombreprovinciacadiz.org\/index.php\/wp-json\/wp\/v2\/media?parent=2499"}],"wp:term":[{"taxonomy":"category","embeddable":true,"href":"https:\/\/www.proyectohombreprovinciacadiz.org\/index.php\/wp-json\/wp\/v2\/categories?post=2499"},{"taxonomy":"post_tag","embeddable":true,"href":"https:\/\/www.proyectohombreprovinciacadiz.org\/index.php\/wp-json\/wp\/v2\/tags?post=2499"}],"curies":[{"name":"wp","href":"https:\/\/api.w.org\/{rel}","templated":true}]}}