{"id":2508,"date":"2023-03-23T12:13:39","date_gmt":"2023-03-23T11:13:39","guid":{"rendered":"https:\/\/www.proyectohombreprovinciacadiz.org\/?p=2508"},"modified":"2023-03-23T12:13:40","modified_gmt":"2023-03-23T11:13:40","slug":"formacion-abordaje-del-suicidio","status":"publish","type":"post","link":"https:\/\/www.proyectohombreprovinciacadiz.org\/index.php\/2023\/03\/23\/formacion-abordaje-del-suicidio\/","title":{"rendered":"Formaci\u00f3n \u201cAbordaje del suicidio\u201d"},"content":{"rendered":"\n<figure class=\"wp-block-table\"><table><tbody><tr><td>El pasado mes de febrero, se ha celebrado en las instalaciones de Proyecto Joven, perteneciente a Proyecto Hombre provincia de C\u00e1diz, una formaci\u00f3n de la mano de Daniel L\u00f3pez,\u00a0 t\u00e9cnico de la delegaci\u00f3n Salud y Consumo en C\u00e1diz, a trav\u00e9s del programa europeo \u2018ImpleMENTAL\u2019 de la Junta de Andaluc\u00eda sobre el \u201cAbordaje del sucidio\u201d, cuyos\/as destinatarios\/as han sido los usuarios y usuarias, as\u00ed como sus familiares. El objetivo ha sido que tuvieran un mayor conocimiento sobre esta tem\u00e1tica, as\u00ed como trabajar en su prevenci\u00f3n.<br><\/td><\/tr><\/tbody><\/table><\/figure>\n\n\n\n<figure class=\"wp-block-gallery has-nested-images columns-default is-cropped wp-block-gallery-1 is-layout-flex wp-block-gallery-is-layout-flex\">\n<figure class=\"wp-block-image size-large\"><img fetchpriority=\"high\" decoding=\"async\" width=\"1024\" height=\"768\" data-id=\"2510\" src=\"https:\/\/www.proyectohombreprovinciacadiz.org\/wp-content\/uploads\/2023\/03\/thumbnail_IMG-0666-1024x768.jpg\" alt=\"\" class=\"wp-image-2510\" srcset=\"https:\/\/www.proyectohombreprovinciacadiz.org\/wp-content\/uploads\/2023\/03\/thumbnail_IMG-0666-1024x768.jpg 1024w, https:\/\/www.proyectohombreprovinciacadiz.org\/wp-content\/uploads\/2023\/03\/thumbnail_IMG-0666-300x225.jpg 300w, https:\/\/www.proyectohombreprovinciacadiz.org\/wp-content\/uploads\/2023\/03\/thumbnail_IMG-0666-768x576.jpg 768w, https:\/\/www.proyectohombreprovinciacadiz.org\/wp-content\/uploads\/2023\/03\/thumbnail_IMG-0666.jpg 1280w\" sizes=\"(max-width: 1024px) 100vw, 1024px\" \/><\/figure>\n\n\n\n<figure class=\"wp-block-image size-large\"><img decoding=\"async\" width=\"576\" height=\"1024\" data-id=\"2509\" src=\"https:\/\/www.proyectohombreprovinciacadiz.org\/wp-content\/uploads\/2023\/03\/thumbnail_PHOTO-2023-03-10-13-54-57-576x1024.jpg\" alt=\"\" class=\"wp-image-2509\" srcset=\"https:\/\/www.proyectohombreprovinciacadiz.org\/wp-content\/uploads\/2023\/03\/thumbnail_PHOTO-2023-03-10-13-54-57-576x1024.jpg 576w, https:\/\/www.proyectohombreprovinciacadiz.org\/wp-content\/uploads\/2023\/03\/thumbnail_PHOTO-2023-03-10-13-54-57-169x300.jpg 169w, https:\/\/www.proyectohombreprovinciacadiz.org\/wp-content\/uploads\/2023\/03\/thumbnail_PHOTO-2023-03-10-13-54-57.jpg 720w\" sizes=\"(max-width: 576px) 100vw, 576px\" \/><\/figure>\n<\/figure>\n\n\n\n<p><\/p>\n","protected":false},"excerpt":{"rendered":"<p>El pasado mes de febrero, se ha celebrado en las instalaciones de Proyecto Joven, perteneciente a Proyecto Hombre provincia de C\u00e1diz, una formaci\u00f3n de la mano de Daniel L\u00f3pez,\u00a0 t\u00e9cnico de la delegaci\u00f3n Salud y Consumo en C\u00e1diz, a trav\u00e9s del programa europeo \u2018ImpleMENTAL\u2019 de la Junta de Andaluc\u00eda sobre el \u201cAbordaje del sucidio\u201d, cuyos\/as &#8230; <a title=\"Formaci\u00f3n \u201cAbordaje del suicidio\u201d\" class=\"read-more\" href=\"https:\/\/www.proyectohombreprovinciacadiz.org\/index.php\/2023\/03\/23\/formacion-abordaje-del-suicidio\/\" aria-label=\"M\u00e1s en Formaci\u00f3n \u201cAbordaje del suicidio\u201d\">Leer m\u00e1s<\/a><\/p>\n","protected":false},"author":2,"featured_media":0,"comment_status":"closed","ping_status":"closed","sticky":false,"template":"","format":"standard","meta":{"footnotes":""},"categories":[1],"tags":[],"class_list":["post-2508","post","type-post","status-publish","format-standard","hentry","category-sin-categoria"],"_links":{"self":[{"href":"https:\/\/www.proyectohombreprovinciacadiz.org\/index.php\/wp-json\/wp\/v2\/posts\/2508","targetHints":{"allow":["GET"]}}],"collection":[{"href":"https:\/\/www.proyectohombreprovinciacadiz.org\/index.php\/wp-json\/wp\/v2\/posts"}],"about":[{"href":"https:\/\/www.proyectohombreprovinciacadiz.org\/index.php\/wp-json\/wp\/v2\/types\/post"}],"author":[{"embeddable":true,"href":"https:\/\/www.proyectohombreprovinciacadiz.org\/index.php\/wp-json\/wp\/v2\/users\/2"}],"replies":[{"embeddable":true,"href":"https:\/\/www.proyectohombreprovinciacadiz.org\/index.php\/wp-json\/wp\/v2\/comments?post=2508"}],"version-history":[{"count":1,"href":"https:\/\/www.proyectohombreprovinciacadiz.org\/index.php\/wp-json\/wp\/v2\/posts\/2508\/revisions"}],"predecessor-version":[{"id":2511,"href":"https:\/\/www.proyectohombreprovinciacadiz.org\/index.php\/wp-json\/wp\/v2\/posts\/2508\/revisions\/2511"}],"wp:attachment":[{"href":"https:\/\/www.proyectohombreprovinciacadiz.org\/index.php\/wp-json\/wp\/v2\/media?parent=2508"}],"wp:term":[{"taxonomy":"category","embeddable":true,"href":"https:\/\/www.proyectohombreprovinciacadiz.org\/index.php\/wp-json\/wp\/v2\/categories?post=2508"},{"taxonomy":"post_tag","embeddable":true,"href":"https:\/\/www.proyectohombreprovinciacadiz.org\/index.php\/wp-json\/wp\/v2\/tags?post=2508"}],"curies":[{"name":"wp","href":"https:\/\/api.w.org\/{rel}","templated":true}]}}