{"id":2512,"date":"2023-03-23T12:18:09","date_gmt":"2023-03-23T11:18:09","guid":{"rendered":"https:\/\/www.proyectohombreprovinciacadiz.org\/?p=2512"},"modified":"2023-03-23T12:18:09","modified_gmt":"2023-03-23T11:18:09","slug":"celebracion-dia-internacional-de-la-mujer","status":"publish","type":"post","link":"https:\/\/www.proyectohombreprovinciacadiz.org\/index.php\/2023\/03\/23\/celebracion-dia-internacional-de-la-mujer\/","title":{"rendered":"Celebraci\u00f3n d\u00eda internacional de la mujer"},"content":{"rendered":"\n<p>Con motivo del pr\u00f3ximo 8 de Marzo, un a\u00f1o m\u00e1s hemos querido colorear de morado especialmente ese d\u00eda.<\/p>\n\n\n\n<p>Para ello, desde la Comisi\u00f3n de g\u00e9nero de la Asociaci\u00f3n Andaluza se elabor\u00f3 un video, que colgamos en nuestras redes sociales para visibilizar a todas las mujeres que est\u00e1n en la lucha por salir del mundo de las adicciones.<\/p>\n\n\n\n<p>Por otro lado, desarrollamos una actividad de sensibilizaci\u00f3n sobre g\u00e9nero en la que participaron las personas en tratamiento de Programa de Apoyo, Centro de D\u00eda de C\u00e1diz, Proyecto Joven, Protecci\u00f3n de Menores, Acogida, Comunidad Terap\u00e9utica, as\u00ed como los\/as internos\/as de los diferentes Centros Penitenciarios donde trabajamos (Algeciras, Puerto II y Puerto III). A trav\u00e9s del cuento \u201cLa cenicienta que no quer\u00eda comer perdices\u201d exploramos y analizamos los estereotipos de g\u00e9nero y nos aventuramos a reescribir las historias, que siempre hemos escuchado, con una mirada m\u00e1s igualitaria.<\/p>\n\n\n\n<p>\u00a1Sigamos caminando juntos y juntas hacia ese cambio real, donde hombres y mujeres tengamos las mismas oportunidades!<\/p>\n\n\n\n<figure class=\"wp-block-gallery has-nested-images columns-default is-cropped wp-block-gallery-1 is-layout-flex wp-block-gallery-is-layout-flex\">\n<figure class=\"wp-block-image size-large\"><img fetchpriority=\"high\" decoding=\"async\" width=\"1024\" height=\"768\" data-id=\"2517\" src=\"https:\/\/www.proyectohombreprovinciacadiz.org\/wp-content\/uploads\/2023\/03\/1.-Actividad-P.Apoyo-dia-de-la-mujer-1024x768.jpg\" alt=\"\" class=\"wp-image-2517\" srcset=\"https:\/\/www.proyectohombreprovinciacadiz.org\/wp-content\/uploads\/2023\/03\/1.-Actividad-P.Apoyo-dia-de-la-mujer-1024x768.jpg 1024w, https:\/\/www.proyectohombreprovinciacadiz.org\/wp-content\/uploads\/2023\/03\/1.-Actividad-P.Apoyo-dia-de-la-mujer-300x225.jpg 300w, https:\/\/www.proyectohombreprovinciacadiz.org\/wp-content\/uploads\/2023\/03\/1.-Actividad-P.Apoyo-dia-de-la-mujer-768x576.jpg 768w, https:\/\/www.proyectohombreprovinciacadiz.org\/wp-content\/uploads\/2023\/03\/1.-Actividad-P.Apoyo-dia-de-la-mujer-1536x1152.jpg 1536w, https:\/\/www.proyectohombreprovinciacadiz.org\/wp-content\/uploads\/2023\/03\/1.-Actividad-P.Apoyo-dia-de-la-mujer.jpg 2048w\" sizes=\"(max-width: 1024px) 100vw, 1024px\" \/><\/figure>\n\n\n\n<figure class=\"wp-block-image size-large\"><img decoding=\"async\" width=\"1024\" height=\"768\" data-id=\"2515\" src=\"https:\/\/www.proyectohombreprovinciacadiz.org\/wp-content\/uploads\/2023\/03\/3.-Foto-P.Apoyo-actividad-dia-de-la-mujer-1024x768.jpg\" alt=\"\" class=\"wp-image-2515\" srcset=\"https:\/\/www.proyectohombreprovinciacadiz.org\/wp-content\/uploads\/2023\/03\/3.-Foto-P.Apoyo-actividad-dia-de-la-mujer-1024x768.jpg 1024w, https:\/\/www.proyectohombreprovinciacadiz.org\/wp-content\/uploads\/2023\/03\/3.-Foto-P.Apoyo-actividad-dia-de-la-mujer-300x225.jpg 300w, https:\/\/www.proyectohombreprovinciacadiz.org\/wp-content\/uploads\/2023\/03\/3.-Foto-P.Apoyo-actividad-dia-de-la-mujer-768x576.jpg 768w, https:\/\/www.proyectohombreprovinciacadiz.org\/wp-content\/uploads\/2023\/03\/3.-Foto-P.Apoyo-actividad-dia-de-la-mujer-1536x1152.jpg 1536w, https:\/\/www.proyectohombreprovinciacadiz.org\/wp-content\/uploads\/2023\/03\/3.-Foto-P.Apoyo-actividad-dia-de-la-mujer.jpg 1600w\" sizes=\"(max-width: 1024px) 100vw, 1024px\" \/><\/figure>\n\n\n\n<figure class=\"wp-block-image size-large\"><img decoding=\"async\" width=\"1024\" height=\"576\" data-id=\"2516\" src=\"https:\/\/www.proyectohombreprovinciacadiz.org\/wp-content\/uploads\/2023\/03\/CT-2-1024x576.jpeg\" alt=\"\" class=\"wp-image-2516\" srcset=\"https:\/\/www.proyectohombreprovinciacadiz.org\/wp-content\/uploads\/2023\/03\/CT-2-1024x576.jpeg 1024w, https:\/\/www.proyectohombreprovinciacadiz.org\/wp-content\/uploads\/2023\/03\/CT-2-300x169.jpeg 300w, https:\/\/www.proyectohombreprovinciacadiz.org\/wp-content\/uploads\/2023\/03\/CT-2-768x432.jpeg 768w, https:\/\/www.proyectohombreprovinciacadiz.org\/wp-content\/uploads\/2023\/03\/CT-2-1536x864.jpeg 1536w, https:\/\/www.proyectohombreprovinciacadiz.org\/wp-content\/uploads\/2023\/03\/CT-2.jpeg 1600w\" sizes=\"(max-width: 1024px) 100vw, 1024px\" \/><\/figure>\n\n\n\n<figure class=\"wp-block-image size-large\"><img loading=\"lazy\" decoding=\"async\" width=\"1024\" height=\"576\" data-id=\"2514\" src=\"https:\/\/www.proyectohombreprovinciacadiz.org\/wp-content\/uploads\/2023\/03\/CT-3-1024x576.jpeg\" alt=\"\" class=\"wp-image-2514\" srcset=\"https:\/\/www.proyectohombreprovinciacadiz.org\/wp-content\/uploads\/2023\/03\/CT-3-1024x576.jpeg 1024w, https:\/\/www.proyectohombreprovinciacadiz.org\/wp-content\/uploads\/2023\/03\/CT-3-300x169.jpeg 300w, https:\/\/www.proyectohombreprovinciacadiz.org\/wp-content\/uploads\/2023\/03\/CT-3-768x432.jpeg 768w, https:\/\/www.proyectohombreprovinciacadiz.org\/wp-content\/uploads\/2023\/03\/CT-3-1536x864.jpeg 1536w, https:\/\/www.proyectohombreprovinciacadiz.org\/wp-content\/uploads\/2023\/03\/CT-3.jpeg 1600w\" sizes=\"(max-width: 1024px) 100vw, 1024px\" \/><\/figure>\n\n\n\n<figure class=\"wp-block-image size-large\"><img loading=\"lazy\" decoding=\"async\" width=\"1024\" height=\"576\" data-id=\"2513\" src=\"https:\/\/www.proyectohombreprovinciacadiz.org\/wp-content\/uploads\/2023\/03\/CT-4-1024x576.jpeg\" alt=\"\" class=\"wp-image-2513\" srcset=\"https:\/\/www.proyectohombreprovinciacadiz.org\/wp-content\/uploads\/2023\/03\/CT-4-1024x576.jpeg 1024w, https:\/\/www.proyectohombreprovinciacadiz.org\/wp-content\/uploads\/2023\/03\/CT-4-300x169.jpeg 300w, https:\/\/www.proyectohombreprovinciacadiz.org\/wp-content\/uploads\/2023\/03\/CT-4-768x432.jpeg 768w, https:\/\/www.proyectohombreprovinciacadiz.org\/wp-content\/uploads\/2023\/03\/CT-4-1536x864.jpeg 1536w, https:\/\/www.proyectohombreprovinciacadiz.org\/wp-content\/uploads\/2023\/03\/CT-4.jpeg 1600w\" sizes=\"(max-width: 1024px) 100vw, 1024px\" \/><\/figure>\n<\/figure>\n","protected":false},"excerpt":{"rendered":"<p>Con motivo del pr\u00f3ximo 8 de Marzo, un a\u00f1o m\u00e1s hemos querido colorear de morado especialmente ese d\u00eda. Para ello, desde la Comisi\u00f3n de g\u00e9nero de la Asociaci\u00f3n Andaluza se elabor\u00f3 un video, que colgamos en nuestras redes sociales para visibilizar a todas las mujeres que est\u00e1n en la lucha por salir del mundo de &#8230; <a title=\"Celebraci\u00f3n d\u00eda internacional de la mujer\" class=\"read-more\" href=\"https:\/\/www.proyectohombreprovinciacadiz.org\/index.php\/2023\/03\/23\/celebracion-dia-internacional-de-la-mujer\/\" aria-label=\"M\u00e1s en Celebraci\u00f3n d\u00eda internacional de la mujer\">Leer m\u00e1s<\/a><\/p>\n","protected":false},"author":2,"featured_media":0,"comment_status":"closed","ping_status":"closed","sticky":false,"template":"","format":"standard","meta":{"footnotes":""},"categories":[1],"tags":[],"class_list":["post-2512","post","type-post","status-publish","format-standard","hentry","category-sin-categoria"],"_links":{"self":[{"href":"https:\/\/www.proyectohombreprovinciacadiz.org\/index.php\/wp-json\/wp\/v2\/posts\/2512","targetHints":{"allow":["GET"]}}],"collection":[{"href":"https:\/\/www.proyectohombreprovinciacadiz.org\/index.php\/wp-json\/wp\/v2\/posts"}],"about":[{"href":"https:\/\/www.proyectohombreprovinciacadiz.org\/index.php\/wp-json\/wp\/v2\/types\/post"}],"author":[{"embeddable":true,"href":"https:\/\/www.proyectohombreprovinciacadiz.org\/index.php\/wp-json\/wp\/v2\/users\/2"}],"replies":[{"embeddable":true,"href":"https:\/\/www.proyectohombreprovinciacadiz.org\/index.php\/wp-json\/wp\/v2\/comments?post=2512"}],"version-history":[{"count":1,"href":"https:\/\/www.proyectohombreprovinciacadiz.org\/index.php\/wp-json\/wp\/v2\/posts\/2512\/revisions"}],"predecessor-version":[{"id":2518,"href":"https:\/\/www.proyectohombreprovinciacadiz.org\/index.php\/wp-json\/wp\/v2\/posts\/2512\/revisions\/2518"}],"wp:attachment":[{"href":"https:\/\/www.proyectohombreprovinciacadiz.org\/index.php\/wp-json\/wp\/v2\/media?parent=2512"}],"wp:term":[{"taxonomy":"category","embeddable":true,"href":"https:\/\/www.proyectohombreprovinciacadiz.org\/index.php\/wp-json\/wp\/v2\/categories?post=2512"},{"taxonomy":"post_tag","embeddable":true,"href":"https:\/\/www.proyectohombreprovinciacadiz.org\/index.php\/wp-json\/wp\/v2\/tags?post=2512"}],"curies":[{"name":"wp","href":"https:\/\/api.w.org\/{rel}","templated":true}]}}