{"id":2520,"date":"2023-03-23T18:51:28","date_gmt":"2023-03-23T17:51:28","guid":{"rendered":"https:\/\/www.proyectohombreprovinciacadiz.org\/?p=2520"},"modified":"2023-03-23T18:51:28","modified_gmt":"2023-03-23T17:51:28","slug":"encuentro-con-fundacion-la-caixa-en-granada","status":"publish","type":"post","link":"https:\/\/www.proyectohombreprovinciacadiz.org\/index.php\/2023\/03\/23\/encuentro-con-fundacion-la-caixa-en-granada\/","title":{"rendered":"Encuentro con Fundaci\u00f3n \u201cla Caixa\u201d en Granada"},"content":{"rendered":"\n<p>Fundaci\u00f3n \u201cla Caixa\u201d, ha organizado el acto de presentaci\u00f3n de los resultados de las convocatorias de Proyectos Sociales en Andaluc\u00eda 2022. A este acto en la ciudad de Granada, acudi\u00f3 nuestro director, Luis Bononato, junto con otros representantes de los centros de Proyecto Hombre Andaluc\u00eda.<\/p>\n\n\n\n<p>El acto estuvo presidido por Joana Prats, Directora del \u00e1rea de Relaciones con Entidades sociales de la Fundaci\u00f3n \u201cla Caixa\u201d, y Juan Ignacio Zafra, Director Territorial en Andaluc\u00eda de CaixaBank.<\/p>\n\n\n\n<p>Un a\u00f1o m\u00e1s, gracias a Fundaci\u00f3n \u201cla Caixa\u201d por confiar en nuestra entidad.<\/p>\n\n\n\n<figure class=\"wp-block-gallery has-nested-images columns-default is-cropped wp-block-gallery-1 is-layout-flex wp-block-gallery-is-layout-flex\">\n<figure class=\"wp-block-image size-large\"><img fetchpriority=\"high\" decoding=\"async\" width=\"1024\" height=\"768\" data-id=\"2522\" src=\"https:\/\/www.proyectohombreprovinciacadiz.org\/wp-content\/uploads\/2023\/03\/IMG_20230322_130248-1024x768.jpg\" alt=\"\" class=\"wp-image-2522\" srcset=\"https:\/\/www.proyectohombreprovinciacadiz.org\/wp-content\/uploads\/2023\/03\/IMG_20230322_130248-1024x768.jpg 1024w, https:\/\/www.proyectohombreprovinciacadiz.org\/wp-content\/uploads\/2023\/03\/IMG_20230322_130248-300x225.jpg 300w, https:\/\/www.proyectohombreprovinciacadiz.org\/wp-content\/uploads\/2023\/03\/IMG_20230322_130248-768x576.jpg 768w, https:\/\/www.proyectohombreprovinciacadiz.org\/wp-content\/uploads\/2023\/03\/IMG_20230322_130248-1536x1152.jpg 1536w, https:\/\/www.proyectohombreprovinciacadiz.org\/wp-content\/uploads\/2023\/03\/IMG_20230322_130248-2048x1536.jpg 2048w\" sizes=\"(max-width: 1024px) 100vw, 1024px\" \/><\/figure>\n\n\n\n<figure class=\"wp-block-image size-large\"><img decoding=\"async\" width=\"1024\" height=\"768\" data-id=\"2521\" src=\"https:\/\/www.proyectohombreprovinciacadiz.org\/wp-content\/uploads\/2023\/03\/IMG-20230322-WA0043-1024x768.jpg\" alt=\"\" class=\"wp-image-2521\" srcset=\"https:\/\/www.proyectohombreprovinciacadiz.org\/wp-content\/uploads\/2023\/03\/IMG-20230322-WA0043-1024x768.jpg 1024w, https:\/\/www.proyectohombreprovinciacadiz.org\/wp-content\/uploads\/2023\/03\/IMG-20230322-WA0043-300x225.jpg 300w, https:\/\/www.proyectohombreprovinciacadiz.org\/wp-content\/uploads\/2023\/03\/IMG-20230322-WA0043-768x576.jpg 768w, https:\/\/www.proyectohombreprovinciacadiz.org\/wp-content\/uploads\/2023\/03\/IMG-20230322-WA0043-1536x1152.jpg 1536w, https:\/\/www.proyectohombreprovinciacadiz.org\/wp-content\/uploads\/2023\/03\/IMG-20230322-WA0043.jpg 2000w\" sizes=\"(max-width: 1024px) 100vw, 1024px\" \/><\/figure>\n<\/figure>\n","protected":false},"excerpt":{"rendered":"<p>Fundaci\u00f3n \u201cla Caixa\u201d, ha organizado el acto de presentaci\u00f3n de los resultados de las convocatorias de Proyectos Sociales en Andaluc\u00eda 2022. A este acto en la ciudad de Granada, acudi\u00f3 nuestro director, Luis Bononato, junto con otros representantes de los centros de Proyecto Hombre Andaluc\u00eda. El acto estuvo presidido por Joana Prats, Directora del \u00e1rea &#8230; <a title=\"Encuentro con Fundaci\u00f3n \u201cla Caixa\u201d en Granada\" class=\"read-more\" href=\"https:\/\/www.proyectohombreprovinciacadiz.org\/index.php\/2023\/03\/23\/encuentro-con-fundacion-la-caixa-en-granada\/\" aria-label=\"M\u00e1s en Encuentro con Fundaci\u00f3n \u201cla Caixa\u201d en Granada\">Leer m\u00e1s<\/a><\/p>\n","protected":false},"author":2,"featured_media":0,"comment_status":"closed","ping_status":"closed","sticky":false,"template":"","format":"standard","meta":{"footnotes":""},"categories":[1],"tags":[],"class_list":["post-2520","post","type-post","status-publish","format-standard","hentry","category-sin-categoria"],"_links":{"self":[{"href":"https:\/\/www.proyectohombreprovinciacadiz.org\/index.php\/wp-json\/wp\/v2\/posts\/2520","targetHints":{"allow":["GET"]}}],"collection":[{"href":"https:\/\/www.proyectohombreprovinciacadiz.org\/index.php\/wp-json\/wp\/v2\/posts"}],"about":[{"href":"https:\/\/www.proyectohombreprovinciacadiz.org\/index.php\/wp-json\/wp\/v2\/types\/post"}],"author":[{"embeddable":true,"href":"https:\/\/www.proyectohombreprovinciacadiz.org\/index.php\/wp-json\/wp\/v2\/users\/2"}],"replies":[{"embeddable":true,"href":"https:\/\/www.proyectohombreprovinciacadiz.org\/index.php\/wp-json\/wp\/v2\/comments?post=2520"}],"version-history":[{"count":1,"href":"https:\/\/www.proyectohombreprovinciacadiz.org\/index.php\/wp-json\/wp\/v2\/posts\/2520\/revisions"}],"predecessor-version":[{"id":2523,"href":"https:\/\/www.proyectohombreprovinciacadiz.org\/index.php\/wp-json\/wp\/v2\/posts\/2520\/revisions\/2523"}],"wp:attachment":[{"href":"https:\/\/www.proyectohombreprovinciacadiz.org\/index.php\/wp-json\/wp\/v2\/media?parent=2520"}],"wp:term":[{"taxonomy":"category","embeddable":true,"href":"https:\/\/www.proyectohombreprovinciacadiz.org\/index.php\/wp-json\/wp\/v2\/categories?post=2520"},{"taxonomy":"post_tag","embeddable":true,"href":"https:\/\/www.proyectohombreprovinciacadiz.org\/index.php\/wp-json\/wp\/v2\/tags?post=2520"}],"curies":[{"name":"wp","href":"https:\/\/api.w.org\/{rel}","templated":true}]}}