{"id":2527,"date":"2023-04-05T14:06:42","date_gmt":"2023-04-05T12:06:42","guid":{"rendered":"https:\/\/www.proyectohombreprovinciacadiz.org\/?p=2527"},"modified":"2023-04-05T14:06:43","modified_gmt":"2023-04-05T12:06:43","slug":"celebracion-de-la-comida-benefica-en-la-finca-el-barrosillo","status":"publish","type":"post","link":"https:\/\/www.proyectohombreprovinciacadiz.org\/index.php\/2023\/04\/05\/celebracion-de-la-comida-benefica-en-la-finca-el-barrosillo\/","title":{"rendered":"Celebraci\u00f3n de la Comida Ben\u00e9fica en la Finca El Barrosillo"},"content":{"rendered":"\n<p>El s\u00e1bado 1 de abril de 2023, se celebr\u00f3 una comida a beneficio de Proyecto Hombre provincia de C\u00e1diz en la Finca El Barrosillo en Jerez de la Frontera, organizada por el grupo de colaboradoras de El Puerto de Santa Mar\u00eda, que una vez m\u00e1s, hicieron posible este evento con su implicaci\u00f3n y que siempre les estaremos agradecidos.<\/p>\n\n\n\n<p>Queremos dar las gracias a todas las personas que asistieron a la comida y a las siguientes personas y entidades por su colaboraci\u00f3n:<\/p>\n\n\n\n<ul class=\"wp-block-list\"><li>Catering Primitivo<\/li><li>A la familia Mateos por su acogida<\/li><li>Grupo Reflejos del Sur<\/li><li>Jos\u00e9 Ruiz<\/li><li>Catering Santa Br\u00edgida<\/li><li>At\u00edpico<\/li><li>Bodegas Gonz\u00e1lez Byass<\/li><li>Bodegas Est\u00e9vez<\/li><li>Bodegas Caballero<\/li><li>Coca-Cola<\/li><li>Cruzcampo<\/li><li>Makro<\/li><li>Grupo Scout La Salle de Jerez<\/li><li>Rutas de la Agrupaci\u00f3n de la Delegaci\u00f3n de Scout de Jerez<\/li><li>Alumnos\/as del Centro Ingl\u00e9s de El Puerto de Santa Mar\u00eda<\/li><li>Presidenta y secretaria de AFACESJE<\/li><\/ul>\n\n\n\n<p>Todos disfrutamos de un d\u00eda de convivencia en la magn\u00edfica Finca de El Barrosillo y podemos seguir atendiendo a tantas personas que nos piden ayuda.<\/p>\n\n\n\n<figure class=\"wp-block-gallery has-nested-images columns-default is-cropped wp-block-gallery-1 is-layout-flex wp-block-gallery-is-layout-flex\">\n<figure class=\"wp-block-image size-large\"><img fetchpriority=\"high\" decoding=\"async\" width=\"640\" height=\"480\" data-id=\"2528\" src=\"https:\/\/www.proyectohombreprovinciacadiz.org\/wp-content\/uploads\/2023\/04\/IMG_4327.jpg\" alt=\"\" class=\"wp-image-2528\" srcset=\"https:\/\/www.proyectohombreprovinciacadiz.org\/wp-content\/uploads\/2023\/04\/IMG_4327.jpg 640w, https:\/\/www.proyectohombreprovinciacadiz.org\/wp-content\/uploads\/2023\/04\/IMG_4327-300x225.jpg 300w\" sizes=\"(max-width: 640px) 100vw, 640px\" \/><\/figure>\n\n\n\n<figure class=\"wp-block-image size-large\"><img decoding=\"async\" width=\"640\" height=\"480\" data-id=\"2530\" src=\"https:\/\/www.proyectohombreprovinciacadiz.org\/wp-content\/uploads\/2023\/04\/IMG_4335.jpg\" alt=\"\" class=\"wp-image-2530\" srcset=\"https:\/\/www.proyectohombreprovinciacadiz.org\/wp-content\/uploads\/2023\/04\/IMG_4335.jpg 640w, https:\/\/www.proyectohombreprovinciacadiz.org\/wp-content\/uploads\/2023\/04\/IMG_4335-300x225.jpg 300w\" sizes=\"(max-width: 640px) 100vw, 640px\" \/><\/figure>\n\n\n\n<figure class=\"wp-block-image size-large\"><img decoding=\"async\" width=\"480\" height=\"640\" data-id=\"2531\" src=\"https:\/\/www.proyectohombreprovinciacadiz.org\/wp-content\/uploads\/2023\/04\/IMG_4352-rotated.jpg\" alt=\"\" class=\"wp-image-2531\" srcset=\"https:\/\/www.proyectohombreprovinciacadiz.org\/wp-content\/uploads\/2023\/04\/IMG_4352-rotated.jpg 480w, https:\/\/www.proyectohombreprovinciacadiz.org\/wp-content\/uploads\/2023\/04\/IMG_4352-225x300.jpg 225w\" sizes=\"(max-width: 480px) 100vw, 480px\" \/><\/figure>\n\n\n\n<figure class=\"wp-block-image size-large\"><img loading=\"lazy\" decoding=\"async\" width=\"640\" height=\"480\" data-id=\"2529\" src=\"https:\/\/www.proyectohombreprovinciacadiz.org\/wp-content\/uploads\/2023\/04\/IMG_4371.jpg\" alt=\"\" class=\"wp-image-2529\" srcset=\"https:\/\/www.proyectohombreprovinciacadiz.org\/wp-content\/uploads\/2023\/04\/IMG_4371.jpg 640w, https:\/\/www.proyectohombreprovinciacadiz.org\/wp-content\/uploads\/2023\/04\/IMG_4371-300x225.jpg 300w\" sizes=\"(max-width: 640px) 100vw, 640px\" \/><\/figure>\n\n\n\n<figure class=\"wp-block-image size-large\"><img loading=\"lazy\" decoding=\"async\" width=\"640\" height=\"480\" data-id=\"2532\" src=\"https:\/\/www.proyectohombreprovinciacadiz.org\/wp-content\/uploads\/2023\/04\/IMG_4380.jpg\" alt=\"\" class=\"wp-image-2532\" srcset=\"https:\/\/www.proyectohombreprovinciacadiz.org\/wp-content\/uploads\/2023\/04\/IMG_4380.jpg 640w, https:\/\/www.proyectohombreprovinciacadiz.org\/wp-content\/uploads\/2023\/04\/IMG_4380-300x225.jpg 300w\" sizes=\"(max-width: 640px) 100vw, 640px\" \/><\/figure>\n<\/figure>\n","protected":false},"excerpt":{"rendered":"<p>El s\u00e1bado 1 de abril de 2023, se celebr\u00f3 una comida a beneficio de Proyecto Hombre provincia de C\u00e1diz en la Finca El Barrosillo en Jerez de la Frontera, organizada por el grupo de colaboradoras de El Puerto de Santa Mar\u00eda, que una vez m\u00e1s, hicieron posible este evento con su implicaci\u00f3n y que siempre &#8230; <a title=\"Celebraci\u00f3n de la Comida Ben\u00e9fica en la Finca El Barrosillo\" class=\"read-more\" href=\"https:\/\/www.proyectohombreprovinciacadiz.org\/index.php\/2023\/04\/05\/celebracion-de-la-comida-benefica-en-la-finca-el-barrosillo\/\" aria-label=\"M\u00e1s en Celebraci\u00f3n de la Comida Ben\u00e9fica en la Finca El Barrosillo\">Leer m\u00e1s<\/a><\/p>\n","protected":false},"author":2,"featured_media":0,"comment_status":"closed","ping_status":"closed","sticky":false,"template":"","format":"standard","meta":{"footnotes":""},"categories":[1],"tags":[],"class_list":["post-2527","post","type-post","status-publish","format-standard","hentry","category-sin-categoria"],"_links":{"self":[{"href":"https:\/\/www.proyectohombreprovinciacadiz.org\/index.php\/wp-json\/wp\/v2\/posts\/2527","targetHints":{"allow":["GET"]}}],"collection":[{"href":"https:\/\/www.proyectohombreprovinciacadiz.org\/index.php\/wp-json\/wp\/v2\/posts"}],"about":[{"href":"https:\/\/www.proyectohombreprovinciacadiz.org\/index.php\/wp-json\/wp\/v2\/types\/post"}],"author":[{"embeddable":true,"href":"https:\/\/www.proyectohombreprovinciacadiz.org\/index.php\/wp-json\/wp\/v2\/users\/2"}],"replies":[{"embeddable":true,"href":"https:\/\/www.proyectohombreprovinciacadiz.org\/index.php\/wp-json\/wp\/v2\/comments?post=2527"}],"version-history":[{"count":1,"href":"https:\/\/www.proyectohombreprovinciacadiz.org\/index.php\/wp-json\/wp\/v2\/posts\/2527\/revisions"}],"predecessor-version":[{"id":2533,"href":"https:\/\/www.proyectohombreprovinciacadiz.org\/index.php\/wp-json\/wp\/v2\/posts\/2527\/revisions\/2533"}],"wp:attachment":[{"href":"https:\/\/www.proyectohombreprovinciacadiz.org\/index.php\/wp-json\/wp\/v2\/media?parent=2527"}],"wp:term":[{"taxonomy":"category","embeddable":true,"href":"https:\/\/www.proyectohombreprovinciacadiz.org\/index.php\/wp-json\/wp\/v2\/categories?post=2527"},{"taxonomy":"post_tag","embeddable":true,"href":"https:\/\/www.proyectohombreprovinciacadiz.org\/index.php\/wp-json\/wp\/v2\/tags?post=2527"}],"curies":[{"name":"wp","href":"https:\/\/api.w.org\/{rel}","templated":true}]}}