{"id":2534,"date":"2023-04-05T14:14:23","date_gmt":"2023-04-05T12:14:23","guid":{"rendered":"https:\/\/www.proyectohombreprovinciacadiz.org\/?p=2534"},"modified":"2023-04-05T14:14:24","modified_gmt":"2023-04-05T12:14:24","slug":"entrevista-en-onda-cadiz","status":"publish","type":"post","link":"https:\/\/www.proyectohombreprovinciacadiz.org\/index.php\/2023\/04\/05\/entrevista-en-onda-cadiz\/","title":{"rendered":"Entrevista en Onda C\u00e1diz"},"content":{"rendered":"\n<p>El 23 de marzo, con motivo de la reciente celebraci\u00f3n del 32\u00ba aniversario de la llegada de Proyecto Hombre a la provincia de C\u00e1diz, el programa \u201cEl Mirador\u201d de Onda C\u00e1diz TV, nos invit\u00f3 a presentar la labor que hacemos desde Proyecto Hombre, haciendo especial hincapi\u00e9 en las actividades realizadas desde el Centro de D\u00eda que Proyecto Hombre provincia de C\u00e1diz tiene en C\u00e1diz capital.<\/p>\n\n\n\n<p>Carlos de Silva, tuvo la oportunidad de hablar sobre las actividades que Proyecto realiza tanto en el \u00e1rea de la prevenci\u00f3n como en la de la atenci\u00f3n directa a personas afectadas por cualquier tipo de adicci\u00f3n junto con sus familias, destacando el aumento significativo que est\u00e1 apareciendo de personas con problemas de alcohol y de juego, tanto on line como en casas de juegos. Tambi\u00e9n se pudo presentar el trabajo en red que se est\u00e1 realizando en la ciudad, participando de forma activa en el Plan de Salud Local del Ayuntamiento de C\u00e1diz, en especial en la mesa de Adicciones.<\/p>\n\n\n\n<figure class=\"wp-block-gallery has-nested-images columns-default is-cropped wp-block-gallery-1 is-layout-flex wp-block-gallery-is-layout-flex\">\n<figure class=\"wp-block-image size-large\"><img fetchpriority=\"high\" decoding=\"async\" width=\"1024\" height=\"473\" data-id=\"2536\" src=\"https:\/\/www.proyectohombreprovinciacadiz.org\/wp-content\/uploads\/2023\/04\/foto-onda-cadiz-2-1024x473.jpg\" alt=\"\" class=\"wp-image-2536\" srcset=\"https:\/\/www.proyectohombreprovinciacadiz.org\/wp-content\/uploads\/2023\/04\/foto-onda-cadiz-2-1024x473.jpg 1024w, https:\/\/www.proyectohombreprovinciacadiz.org\/wp-content\/uploads\/2023\/04\/foto-onda-cadiz-2-300x138.jpg 300w, https:\/\/www.proyectohombreprovinciacadiz.org\/wp-content\/uploads\/2023\/04\/foto-onda-cadiz-2-768x354.jpg 768w, https:\/\/www.proyectohombreprovinciacadiz.org\/wp-content\/uploads\/2023\/04\/foto-onda-cadiz-2-1536x709.jpg 1536w, https:\/\/www.proyectohombreprovinciacadiz.org\/wp-content\/uploads\/2023\/04\/foto-onda-cadiz-2-2048x945.jpg 2048w\" sizes=\"(max-width: 1024px) 100vw, 1024px\" \/><\/figure>\n\n\n\n<figure class=\"wp-block-image size-large\"><img decoding=\"async\" width=\"1024\" height=\"768\" data-id=\"2535\" src=\"https:\/\/www.proyectohombreprovinciacadiz.org\/wp-content\/uploads\/2023\/04\/foto-onda-cadiz-3-1024x768.jpg\" alt=\"\" class=\"wp-image-2535\" srcset=\"https:\/\/www.proyectohombreprovinciacadiz.org\/wp-content\/uploads\/2023\/04\/foto-onda-cadiz-3-1024x768.jpg 1024w, https:\/\/www.proyectohombreprovinciacadiz.org\/wp-content\/uploads\/2023\/04\/foto-onda-cadiz-3-300x225.jpg 300w, https:\/\/www.proyectohombreprovinciacadiz.org\/wp-content\/uploads\/2023\/04\/foto-onda-cadiz-3-768x576.jpg 768w, https:\/\/www.proyectohombreprovinciacadiz.org\/wp-content\/uploads\/2023\/04\/foto-onda-cadiz-3-1536x1152.jpg 1536w, https:\/\/www.proyectohombreprovinciacadiz.org\/wp-content\/uploads\/2023\/04\/foto-onda-cadiz-3.jpg 2000w\" sizes=\"(max-width: 1024px) 100vw, 1024px\" \/><\/figure>\n<\/figure>\n","protected":false},"excerpt":{"rendered":"<p>El 23 de marzo, con motivo de la reciente celebraci\u00f3n del 32\u00ba aniversario de la llegada de Proyecto Hombre a la provincia de C\u00e1diz, el programa \u201cEl Mirador\u201d de Onda C\u00e1diz TV, nos invit\u00f3 a presentar la labor que hacemos desde Proyecto Hombre, haciendo especial hincapi\u00e9 en las actividades realizadas desde el Centro de D\u00eda &#8230; <a title=\"Entrevista en Onda C\u00e1diz\" class=\"read-more\" href=\"https:\/\/www.proyectohombreprovinciacadiz.org\/index.php\/2023\/04\/05\/entrevista-en-onda-cadiz\/\" aria-label=\"M\u00e1s en Entrevista en Onda C\u00e1diz\">Leer m\u00e1s<\/a><\/p>\n","protected":false},"author":2,"featured_media":0,"comment_status":"closed","ping_status":"closed","sticky":false,"template":"","format":"standard","meta":{"footnotes":""},"categories":[1],"tags":[],"class_list":["post-2534","post","type-post","status-publish","format-standard","hentry","category-sin-categoria"],"_links":{"self":[{"href":"https:\/\/www.proyectohombreprovinciacadiz.org\/index.php\/wp-json\/wp\/v2\/posts\/2534","targetHints":{"allow":["GET"]}}],"collection":[{"href":"https:\/\/www.proyectohombreprovinciacadiz.org\/index.php\/wp-json\/wp\/v2\/posts"}],"about":[{"href":"https:\/\/www.proyectohombreprovinciacadiz.org\/index.php\/wp-json\/wp\/v2\/types\/post"}],"author":[{"embeddable":true,"href":"https:\/\/www.proyectohombreprovinciacadiz.org\/index.php\/wp-json\/wp\/v2\/users\/2"}],"replies":[{"embeddable":true,"href":"https:\/\/www.proyectohombreprovinciacadiz.org\/index.php\/wp-json\/wp\/v2\/comments?post=2534"}],"version-history":[{"count":1,"href":"https:\/\/www.proyectohombreprovinciacadiz.org\/index.php\/wp-json\/wp\/v2\/posts\/2534\/revisions"}],"predecessor-version":[{"id":2537,"href":"https:\/\/www.proyectohombreprovinciacadiz.org\/index.php\/wp-json\/wp\/v2\/posts\/2534\/revisions\/2537"}],"wp:attachment":[{"href":"https:\/\/www.proyectohombreprovinciacadiz.org\/index.php\/wp-json\/wp\/v2\/media?parent=2534"}],"wp:term":[{"taxonomy":"category","embeddable":true,"href":"https:\/\/www.proyectohombreprovinciacadiz.org\/index.php\/wp-json\/wp\/v2\/categories?post=2534"},{"taxonomy":"post_tag","embeddable":true,"href":"https:\/\/www.proyectohombreprovinciacadiz.org\/index.php\/wp-json\/wp\/v2\/tags?post=2534"}],"curies":[{"name":"wp","href":"https:\/\/api.w.org\/{rel}","templated":true}]}}