{"id":2595,"date":"2023-04-21T11:58:44","date_gmt":"2023-04-21T09:58:44","guid":{"rendered":"https:\/\/www.proyectohombreprovinciacadiz.org\/?p=2595"},"modified":"2023-11-07T13:47:30","modified_gmt":"2023-11-07T12:47:30","slug":"salida-programada-de-internos-del-c-p-puerto-ii","status":"publish","type":"post","link":"https:\/\/www.proyectohombreprovinciacadiz.org\/index.php\/2023\/04\/21\/salida-programada-de-internos-del-c-p-puerto-ii\/","title":{"rendered":"Salida programada de internos del C.P. Puerto II"},"content":{"rendered":"\n<p>Con motivo de la celebraci\u00f3n del 32\u00ba aniversario de Proyecto Hombre Provincia de C\u00e1diz, tuvo lugar una salida programada con tres usuarios del Programa de Prisi\u00f3n, que se encuentran en el Centro Penitenciario de Puerto II. Pudieron disfrutar de un acto de convivencia con los dem\u00e1s usuarios\/as de los distintos Programas y sus familias en un entorno totalmente diferente al Penitenciario. Compartieron qu\u00e9 era para ellos la libertad, destacando momentos importantes donde se sintieron libres aun estando privados de la misma.<\/p>\n\n\n\n<p>Esta y otras actividades del programa \u201cPrograma de rehabilitacion de personas privadas de libertad con problemas de adicci\u00f3n\u201d que se llevan a cabo gracias a la subvenci\u00f3n de la Consejer\u00eda de Igualdad, Pol\u00edticas Sociales y Conciliaci\u00f3n de la Junta de Andaluc\u00eda, por la asignaci\u00f3n tributaria del 0,7% del IRPF para entidades privadas de inter\u00e9s general.<\/p>\n\n\n\n<figure class=\"wp-block-image size-large\"><img fetchpriority=\"high\" decoding=\"async\" width=\"1024\" height=\"768\" src=\"https:\/\/www.proyectohombreprovinciacadiz.org\/wp-content\/uploads\/2023\/04\/IMG-20230331-WA0007-1024x768.jpg\" alt=\"\" class=\"wp-image-2596\" srcset=\"https:\/\/www.proyectohombreprovinciacadiz.org\/wp-content\/uploads\/2023\/04\/IMG-20230331-WA0007-1024x768.jpg 1024w, https:\/\/www.proyectohombreprovinciacadiz.org\/wp-content\/uploads\/2023\/04\/IMG-20230331-WA0007-300x225.jpg 300w, https:\/\/www.proyectohombreprovinciacadiz.org\/wp-content\/uploads\/2023\/04\/IMG-20230331-WA0007-768x576.jpg 768w, https:\/\/www.proyectohombreprovinciacadiz.org\/wp-content\/uploads\/2023\/04\/IMG-20230331-WA0007-1536x1152.jpg 1536w, https:\/\/www.proyectohombreprovinciacadiz.org\/wp-content\/uploads\/2023\/04\/IMG-20230331-WA0007.jpg 1600w\" sizes=\"(max-width: 1024px) 100vw, 1024px\" \/><\/figure>\n\n\n\n<figure class=\"wp-block-image size-large\"><img decoding=\"async\" width=\"1024\" height=\"205\" src=\"https:\/\/www.proyectohombreprovinciacadiz.org\/wp-content\/uploads\/2023\/01\/LOGO-1024x205.png\" alt=\"\" class=\"wp-image-2380\" srcset=\"https:\/\/www.proyectohombreprovinciacadiz.org\/wp-content\/uploads\/2023\/01\/LOGO-1024x205.png 1024w, https:\/\/www.proyectohombreprovinciacadiz.org\/wp-content\/uploads\/2023\/01\/LOGO-300x60.png 300w, https:\/\/www.proyectohombreprovinciacadiz.org\/wp-content\/uploads\/2023\/01\/LOGO-768x154.png 768w, https:\/\/www.proyectohombreprovinciacadiz.org\/wp-content\/uploads\/2023\/01\/LOGO-1536x308.png 1536w, https:\/\/www.proyectohombreprovinciacadiz.org\/wp-content\/uploads\/2023\/01\/LOGO-2048x410.png 2048w\" sizes=\"(max-width: 1024px) 100vw, 1024px\" \/><\/figure>\n","protected":false},"excerpt":{"rendered":"<p>Con motivo de la celebraci\u00f3n del 32\u00ba aniversario de Proyecto Hombre Provincia de C\u00e1diz, tuvo lugar una salida programada con tres usuarios del Programa de Prisi\u00f3n, que se encuentran en el Centro Penitenciario de Puerto II. Pudieron disfrutar de un acto de convivencia con los dem\u00e1s usuarios\/as de los distintos Programas y sus familias en &#8230; <a title=\"Salida programada de internos del C.P. Puerto II\" class=\"read-more\" href=\"https:\/\/www.proyectohombreprovinciacadiz.org\/index.php\/2023\/04\/21\/salida-programada-de-internos-del-c-p-puerto-ii\/\" aria-label=\"M\u00e1s en Salida programada de internos del C.P. Puerto II\">Leer m\u00e1s<\/a><\/p>\n","protected":false},"author":2,"featured_media":0,"comment_status":"closed","ping_status":"closed","sticky":false,"template":"","format":"standard","meta":{"footnotes":""},"categories":[1],"tags":[],"class_list":["post-2595","post","type-post","status-publish","format-standard","hentry","category-sin-categoria"],"_links":{"self":[{"href":"https:\/\/www.proyectohombreprovinciacadiz.org\/index.php\/wp-json\/wp\/v2\/posts\/2595","targetHints":{"allow":["GET"]}}],"collection":[{"href":"https:\/\/www.proyectohombreprovinciacadiz.org\/index.php\/wp-json\/wp\/v2\/posts"}],"about":[{"href":"https:\/\/www.proyectohombreprovinciacadiz.org\/index.php\/wp-json\/wp\/v2\/types\/post"}],"author":[{"embeddable":true,"href":"https:\/\/www.proyectohombreprovinciacadiz.org\/index.php\/wp-json\/wp\/v2\/users\/2"}],"replies":[{"embeddable":true,"href":"https:\/\/www.proyectohombreprovinciacadiz.org\/index.php\/wp-json\/wp\/v2\/comments?post=2595"}],"version-history":[{"count":2,"href":"https:\/\/www.proyectohombreprovinciacadiz.org\/index.php\/wp-json\/wp\/v2\/posts\/2595\/revisions"}],"predecessor-version":[{"id":3011,"href":"https:\/\/www.proyectohombreprovinciacadiz.org\/index.php\/wp-json\/wp\/v2\/posts\/2595\/revisions\/3011"}],"wp:attachment":[{"href":"https:\/\/www.proyectohombreprovinciacadiz.org\/index.php\/wp-json\/wp\/v2\/media?parent=2595"}],"wp:term":[{"taxonomy":"category","embeddable":true,"href":"https:\/\/www.proyectohombreprovinciacadiz.org\/index.php\/wp-json\/wp\/v2\/categories?post=2595"},{"taxonomy":"post_tag","embeddable":true,"href":"https:\/\/www.proyectohombreprovinciacadiz.org\/index.php\/wp-json\/wp\/v2\/tags?post=2595"}],"curies":[{"name":"wp","href":"https:\/\/api.w.org\/{rel}","templated":true}]}}