{"id":2598,"date":"2023-04-21T12:02:07","date_gmt":"2023-04-21T10:02:07","guid":{"rendered":"https:\/\/www.proyectohombreprovinciacadiz.org\/?p=2598"},"modified":"2023-04-21T12:02:08","modified_gmt":"2023-04-21T10:02:08","slug":"reunion-del-equipo-de-direccion-en-el-centro-de-dia-bahia-de-cadiz","status":"publish","type":"post","link":"https:\/\/www.proyectohombreprovinciacadiz.org\/index.php\/2023\/04\/21\/reunion-del-equipo-de-direccion-en-el-centro-de-dia-bahia-de-cadiz\/","title":{"rendered":"Reuni\u00f3n del equipo de direcci\u00f3n en el centro de d\u00eda Bah\u00eda de C\u00e1diz"},"content":{"rendered":"\n<p>La habitual reuni\u00f3n del equipo de direcci\u00f3n de Proyecto Hombre provincia de C\u00e1diz ha tenido una novedad: el 30 de marzo, en lugar de celebrarse en Jerez se ha realizado en el Centro de D\u00eda Bah\u00eda de C\u00e1diz ubicado en el Centro Municipal Hermanas Mirabal, en la capital gaditana, siendo la primera vez que se celebra en el actual Centro de D\u00eda.<\/p>\n\n\n\n<p>En esta reuni\u00f3n particip\u00f3 Carlos de Silva, del Centro de d\u00eda, donde inform\u00f3 sobre la situaci\u00f3n actual del mismo, destacando la consolidaci\u00f3n de los grupos de apoyo a usuarios y familiares que se llevan a cabo, as\u00ed como las actuaciones de informaci\u00f3n, coordinaci\u00f3n y el trabajo en red.<\/p>\n\n\n\n<p>As\u00ed mismo, el grupo de voluntarias y voluntarios que prestan su servicio en el Centro, casi al completo, tuvieron un espacio para compartir de primera mano su experiencia.<\/p>\n\n\n\n<p>Esta reuni\u00f3n cont\u00f3 tambi\u00e9n con un espacio de convivencia en un desayuno compartido.<\/p>\n\n\n\n<figure class=\"wp-block-image size-large\"><img fetchpriority=\"high\" decoding=\"async\" width=\"1024\" height=\"768\" src=\"https:\/\/www.proyectohombreprovinciacadiz.org\/wp-content\/uploads\/2023\/04\/FOTO-DIRECCION-1-1024x768.jpg\" alt=\"\" class=\"wp-image-2599\" srcset=\"https:\/\/www.proyectohombreprovinciacadiz.org\/wp-content\/uploads\/2023\/04\/FOTO-DIRECCION-1-1024x768.jpg 1024w, https:\/\/www.proyectohombreprovinciacadiz.org\/wp-content\/uploads\/2023\/04\/FOTO-DIRECCION-1-300x225.jpg 300w, https:\/\/www.proyectohombreprovinciacadiz.org\/wp-content\/uploads\/2023\/04\/FOTO-DIRECCION-1-768x576.jpg 768w, https:\/\/www.proyectohombreprovinciacadiz.org\/wp-content\/uploads\/2023\/04\/FOTO-DIRECCION-1.jpg 1280w\" sizes=\"(max-width: 1024px) 100vw, 1024px\" \/><\/figure>\n","protected":false},"excerpt":{"rendered":"<p>La habitual reuni\u00f3n del equipo de direcci\u00f3n de Proyecto Hombre provincia de C\u00e1diz ha tenido una novedad: el 30 de marzo, en lugar de celebrarse en Jerez se ha realizado en el Centro de D\u00eda Bah\u00eda de C\u00e1diz ubicado en el Centro Municipal Hermanas Mirabal, en la capital gaditana, siendo la primera vez que se &#8230; <a title=\"Reuni\u00f3n del equipo de direcci\u00f3n en el centro de d\u00eda Bah\u00eda de C\u00e1diz\" class=\"read-more\" href=\"https:\/\/www.proyectohombreprovinciacadiz.org\/index.php\/2023\/04\/21\/reunion-del-equipo-de-direccion-en-el-centro-de-dia-bahia-de-cadiz\/\" aria-label=\"M\u00e1s en Reuni\u00f3n del equipo de direcci\u00f3n en el centro de d\u00eda Bah\u00eda de C\u00e1diz\">Leer m\u00e1s<\/a><\/p>\n","protected":false},"author":2,"featured_media":0,"comment_status":"closed","ping_status":"closed","sticky":false,"template":"","format":"standard","meta":{"footnotes":""},"categories":[1],"tags":[],"class_list":["post-2598","post","type-post","status-publish","format-standard","hentry","category-sin-categoria"],"_links":{"self":[{"href":"https:\/\/www.proyectohombreprovinciacadiz.org\/index.php\/wp-json\/wp\/v2\/posts\/2598","targetHints":{"allow":["GET"]}}],"collection":[{"href":"https:\/\/www.proyectohombreprovinciacadiz.org\/index.php\/wp-json\/wp\/v2\/posts"}],"about":[{"href":"https:\/\/www.proyectohombreprovinciacadiz.org\/index.php\/wp-json\/wp\/v2\/types\/post"}],"author":[{"embeddable":true,"href":"https:\/\/www.proyectohombreprovinciacadiz.org\/index.php\/wp-json\/wp\/v2\/users\/2"}],"replies":[{"embeddable":true,"href":"https:\/\/www.proyectohombreprovinciacadiz.org\/index.php\/wp-json\/wp\/v2\/comments?post=2598"}],"version-history":[{"count":1,"href":"https:\/\/www.proyectohombreprovinciacadiz.org\/index.php\/wp-json\/wp\/v2\/posts\/2598\/revisions"}],"predecessor-version":[{"id":2600,"href":"https:\/\/www.proyectohombreprovinciacadiz.org\/index.php\/wp-json\/wp\/v2\/posts\/2598\/revisions\/2600"}],"wp:attachment":[{"href":"https:\/\/www.proyectohombreprovinciacadiz.org\/index.php\/wp-json\/wp\/v2\/media?parent=2598"}],"wp:term":[{"taxonomy":"category","embeddable":true,"href":"https:\/\/www.proyectohombreprovinciacadiz.org\/index.php\/wp-json\/wp\/v2\/categories?post=2598"},{"taxonomy":"post_tag","embeddable":true,"href":"https:\/\/www.proyectohombreprovinciacadiz.org\/index.php\/wp-json\/wp\/v2\/tags?post=2598"}],"curies":[{"name":"wp","href":"https:\/\/api.w.org\/{rel}","templated":true}]}}