{"id":2644,"date":"2023-05-29T08:16:41","date_gmt":"2023-05-29T06:16:41","guid":{"rendered":"https:\/\/www.proyectohombreprovinciacadiz.org\/?p=2644"},"modified":"2023-05-29T08:16:42","modified_gmt":"2023-05-29T06:16:42","slug":"participacion-en-el-ii-encuentro-de-entidades-sociales-organizado-por-la-fundacion-iberdrola","status":"publish","type":"post","link":"https:\/\/www.proyectohombreprovinciacadiz.org\/index.php\/2023\/05\/29\/participacion-en-el-ii-encuentro-de-entidades-sociales-organizado-por-la-fundacion-iberdrola\/","title":{"rendered":"Participaci\u00f3n en el II Encuentro de Entidades Sociales organizado por la Fundaci\u00f3n Iberdrola"},"content":{"rendered":"\n<p>La colaboraci\u00f3n abierta ha sido la protagonista del segundo encuentro entre entidades sociales organizado por la Fundaci\u00f3n Iberdrola Espa\u00f1a, en el que los participantes han compartido algunos de los \u00e9xitos y retos de los proyectos que desarrollan en el programa social.&nbsp; En esta convocatoria, se est\u00e1n llevando a cabo m\u00e1s 40 iniciativas, que la Fundaci\u00f3n co-financia. La lucha contra la pobreza infantil, el apoyo escolar y la inserci\u00f3n social de ni\u00f1os, j\u00f3venes y mujeres en situaci\u00f3n de vulnerabilidad est\u00e1n entre sus principales objetivos.<\/p>\n\n\n\n<p>La Fundaci\u00f3n Iberdrola Espa\u00f1a re\u00fane a las 42 entidades de su programa de acci\u00f3n social en una jornada de innovaci\u00f3n y colaboraci\u00f3n, entra las que se encuentra nuestra entidad. Iberdrola colabora en el \u201cPrograma para educar desde el crecimiento personal, en un uso responsable de la Tecnolog\u00edas\u201d, con el que atendemos a m\u00e1s de 2.500 personas de 13 localidades de nuestra provincia.<\/p>\n\n\n\n<figure class=\"wp-block-gallery has-nested-images columns-default is-cropped wp-block-gallery-1 is-layout-flex wp-block-gallery-is-layout-flex\">\n<figure class=\"wp-block-image size-large\"><img fetchpriority=\"high\" decoding=\"async\" width=\"1024\" height=\"683\" data-id=\"2646\" src=\"https:\/\/www.proyectohombreprovinciacadiz.org\/wp-content\/uploads\/2023\/05\/iberdola-2-1024x683.jpg\" alt=\"\" class=\"wp-image-2646\" srcset=\"https:\/\/www.proyectohombreprovinciacadiz.org\/wp-content\/uploads\/2023\/05\/iberdola-2-1024x683.jpg 1024w, https:\/\/www.proyectohombreprovinciacadiz.org\/wp-content\/uploads\/2023\/05\/iberdola-2-300x200.jpg 300w, https:\/\/www.proyectohombreprovinciacadiz.org\/wp-content\/uploads\/2023\/05\/iberdola-2-768x512.jpg 768w, https:\/\/www.proyectohombreprovinciacadiz.org\/wp-content\/uploads\/2023\/05\/iberdola-2-1536x1024.jpg 1536w, https:\/\/www.proyectohombreprovinciacadiz.org\/wp-content\/uploads\/2023\/05\/iberdola-2-2048x1365.jpg 2048w\" sizes=\"(max-width: 1024px) 100vw, 1024px\" \/><\/figure>\n\n\n\n<figure class=\"wp-block-image size-large\"><img decoding=\"async\" width=\"1024\" height=\"683\" data-id=\"2647\" src=\"https:\/\/www.proyectohombreprovinciacadiz.org\/wp-content\/uploads\/2023\/05\/Iberdrola-1-1024x683.jpg\" alt=\"\" class=\"wp-image-2647\" srcset=\"https:\/\/www.proyectohombreprovinciacadiz.org\/wp-content\/uploads\/2023\/05\/Iberdrola-1-1024x683.jpg 1024w, https:\/\/www.proyectohombreprovinciacadiz.org\/wp-content\/uploads\/2023\/05\/Iberdrola-1-300x200.jpg 300w, https:\/\/www.proyectohombreprovinciacadiz.org\/wp-content\/uploads\/2023\/05\/Iberdrola-1-768x512.jpg 768w, https:\/\/www.proyectohombreprovinciacadiz.org\/wp-content\/uploads\/2023\/05\/Iberdrola-1-1536x1024.jpg 1536w, https:\/\/www.proyectohombreprovinciacadiz.org\/wp-content\/uploads\/2023\/05\/Iberdrola-1-2048x1365.jpg 2048w\" sizes=\"(max-width: 1024px) 100vw, 1024px\" \/><\/figure>\n\n\n\n<figure class=\"wp-block-image size-large\"><img decoding=\"async\" width=\"1024\" height=\"683\" data-id=\"2645\" src=\"https:\/\/www.proyectohombreprovinciacadiz.org\/wp-content\/uploads\/2023\/05\/iberdrola-1024x683.jpg\" alt=\"\" class=\"wp-image-2645\" srcset=\"https:\/\/www.proyectohombreprovinciacadiz.org\/wp-content\/uploads\/2023\/05\/iberdrola-1024x683.jpg 1024w, https:\/\/www.proyectohombreprovinciacadiz.org\/wp-content\/uploads\/2023\/05\/iberdrola-300x200.jpg 300w, https:\/\/www.proyectohombreprovinciacadiz.org\/wp-content\/uploads\/2023\/05\/iberdrola-768x512.jpg 768w, https:\/\/www.proyectohombreprovinciacadiz.org\/wp-content\/uploads\/2023\/05\/iberdrola-1536x1024.jpg 1536w, https:\/\/www.proyectohombreprovinciacadiz.org\/wp-content\/uploads\/2023\/05\/iberdrola-2048x1366.jpg 2048w\" sizes=\"(max-width: 1024px) 100vw, 1024px\" \/><\/figure>\n<\/figure>\n","protected":false},"excerpt":{"rendered":"<p>La colaboraci\u00f3n abierta ha sido la protagonista del segundo encuentro entre entidades sociales organizado por la Fundaci\u00f3n Iberdrola Espa\u00f1a, en el que los participantes han compartido algunos de los \u00e9xitos y retos de los proyectos que desarrollan en el programa social.&nbsp; En esta convocatoria, se est\u00e1n llevando a cabo m\u00e1s 40 iniciativas, que la Fundaci\u00f3n &#8230; <a title=\"Participaci\u00f3n en el II Encuentro de Entidades Sociales organizado por la Fundaci\u00f3n Iberdrola\" class=\"read-more\" href=\"https:\/\/www.proyectohombreprovinciacadiz.org\/index.php\/2023\/05\/29\/participacion-en-el-ii-encuentro-de-entidades-sociales-organizado-por-la-fundacion-iberdrola\/\" aria-label=\"M\u00e1s en Participaci\u00f3n en el II Encuentro de Entidades Sociales organizado por la Fundaci\u00f3n Iberdrola\">Leer m\u00e1s<\/a><\/p>\n","protected":false},"author":2,"featured_media":0,"comment_status":"closed","ping_status":"closed","sticky":false,"template":"","format":"standard","meta":{"footnotes":""},"categories":[1],"tags":[],"class_list":["post-2644","post","type-post","status-publish","format-standard","hentry","category-sin-categoria"],"_links":{"self":[{"href":"https:\/\/www.proyectohombreprovinciacadiz.org\/index.php\/wp-json\/wp\/v2\/posts\/2644","targetHints":{"allow":["GET"]}}],"collection":[{"href":"https:\/\/www.proyectohombreprovinciacadiz.org\/index.php\/wp-json\/wp\/v2\/posts"}],"about":[{"href":"https:\/\/www.proyectohombreprovinciacadiz.org\/index.php\/wp-json\/wp\/v2\/types\/post"}],"author":[{"embeddable":true,"href":"https:\/\/www.proyectohombreprovinciacadiz.org\/index.php\/wp-json\/wp\/v2\/users\/2"}],"replies":[{"embeddable":true,"href":"https:\/\/www.proyectohombreprovinciacadiz.org\/index.php\/wp-json\/wp\/v2\/comments?post=2644"}],"version-history":[{"count":1,"href":"https:\/\/www.proyectohombreprovinciacadiz.org\/index.php\/wp-json\/wp\/v2\/posts\/2644\/revisions"}],"predecessor-version":[{"id":2648,"href":"https:\/\/www.proyectohombreprovinciacadiz.org\/index.php\/wp-json\/wp\/v2\/posts\/2644\/revisions\/2648"}],"wp:attachment":[{"href":"https:\/\/www.proyectohombreprovinciacadiz.org\/index.php\/wp-json\/wp\/v2\/media?parent=2644"}],"wp:term":[{"taxonomy":"category","embeddable":true,"href":"https:\/\/www.proyectohombreprovinciacadiz.org\/index.php\/wp-json\/wp\/v2\/categories?post=2644"},{"taxonomy":"post_tag","embeddable":true,"href":"https:\/\/www.proyectohombreprovinciacadiz.org\/index.php\/wp-json\/wp\/v2\/tags?post=2644"}],"curies":[{"name":"wp","href":"https:\/\/api.w.org\/{rel}","templated":true}]}}