{"id":2649,"date":"2023-05-29T08:26:12","date_gmt":"2023-05-29T06:26:12","guid":{"rendered":"https:\/\/www.proyectohombreprovinciacadiz.org\/?p=2649"},"modified":"2023-05-29T08:26:13","modified_gmt":"2023-05-29T06:26:13","slug":"alta-terapeutica-en-el-centro-de-dia-bahia-de-cadiz","status":"publish","type":"post","link":"https:\/\/www.proyectohombreprovinciacadiz.org\/index.php\/2023\/05\/29\/alta-terapeutica-en-el-centro-de-dia-bahia-de-cadiz\/","title":{"rendered":"Alta Terap\u00e9utica en el Centro de D\u00eda Bah\u00eda de C\u00e1diz"},"content":{"rendered":"\n<p>El 25 de mayo de 2023 se celebr\u00f3 en el Centro de D\u00eda Bah\u00eda de C\u00e1diz, de Proyecto Hombre provincia de C\u00e1diz el Alta Terap\u00e9utica de Daniel L.<\/p>\n\n\n\n<p>Daniel estuvo acompa\u00f1ado por sus padres y familiares m\u00e1s cercanos. En este d\u00eda tan especial tambi\u00e9n acudieron las dem\u00e1s personas usuarias del programa y sus familias, antiguos compa\u00f1eros que ya recibieron el alta, el equipo terap\u00e9utico y el personal voluntario del centro. Todos y todas pudimos disfrutar del momento tan entra\u00f1able, compartiendo la alegr\u00eda tras el esfuerzo por todo lo conseguido en el camino recorrido.<\/p>\n\n\n\n<p>Daniel ha realizado su trabajo personal, alcanzando el objetivo planteado, gracias al \u201cPrograma complementario al tratamiento de adicciones en r\u00e9gimen ambulatorio\u201d en colaboraci\u00f3n con la Consejer\u00eda de Inclusi\u00f3n, juventud, familia e Igualdad, de la Junta de Andaluc\u00eda, por la asignaci\u00f3n tributaria del 0,7% del IRPF para entidades privadas de inter\u00e9s general.<\/p>\n\n\n\n<p>Enhorabuena Dani a ti y a tus familia!!<\/p>\n\n\n\n<figure class=\"wp-block-gallery has-nested-images columns-default is-cropped wp-block-gallery-1 is-layout-flex wp-block-gallery-is-layout-flex\">\n<figure class=\"wp-block-image\"><img decoding=\"async\" src=\"blob:https:\/\/www.proyectohombreprovinciacadiz.org\/5ec89229-62a2-441f-9f95-d77074922b08\" alt=\"\"\/><\/figure>\n\n\n\n<figure class=\"wp-block-image\"><img decoding=\"async\" src=\"blob:https:\/\/www.proyectohombreprovinciacadiz.org\/fe9641d7-c494-4903-9c50-40c7438586d5\" alt=\"\"\/><\/figure>\n\n\n\n<figure class=\"wp-block-image size-large\"><img fetchpriority=\"high\" decoding=\"async\" width=\"1024\" height=\"771\" data-id=\"2650\" src=\"https:\/\/www.proyectohombreprovinciacadiz.org\/wp-content\/uploads\/2023\/05\/Consejeria-de-inclusion-social-1024x771.png\" alt=\"\" class=\"wp-image-2650\" srcset=\"https:\/\/www.proyectohombreprovinciacadiz.org\/wp-content\/uploads\/2023\/05\/Consejeria-de-inclusion-social-1024x771.png 1024w, https:\/\/www.proyectohombreprovinciacadiz.org\/wp-content\/uploads\/2023\/05\/Consejeria-de-inclusion-social-300x226.png 300w, https:\/\/www.proyectohombreprovinciacadiz.org\/wp-content\/uploads\/2023\/05\/Consejeria-de-inclusion-social-768x579.png 768w, https:\/\/www.proyectohombreprovinciacadiz.org\/wp-content\/uploads\/2023\/05\/Consejeria-de-inclusion-social.png 1192w\" sizes=\"(max-width: 1024px) 100vw, 1024px\" \/><\/figure>\n<\/figure>\n\n\n\n<figure class=\"wp-block-table\"><table><thead><tr><td><\/td><\/tr><\/thead><\/table><\/figure>\n\n\n\n<figure class=\"wp-block-table\"><table><thead><tr><td><\/td><\/tr><\/thead><\/table><\/figure>\n\n\n\n<p><\/p>\n","protected":false},"excerpt":{"rendered":"<p>El 25 de mayo de 2023 se celebr\u00f3 en el Centro de D\u00eda Bah\u00eda de C\u00e1diz, de Proyecto Hombre provincia de C\u00e1diz el Alta Terap\u00e9utica de Daniel L. Daniel estuvo acompa\u00f1ado por sus padres y familiares m\u00e1s cercanos. En este d\u00eda tan especial tambi\u00e9n acudieron las dem\u00e1s personas usuarias del programa y sus familias, antiguos &#8230; <a title=\"Alta Terap\u00e9utica en el Centro de D\u00eda Bah\u00eda de C\u00e1diz\" class=\"read-more\" href=\"https:\/\/www.proyectohombreprovinciacadiz.org\/index.php\/2023\/05\/29\/alta-terapeutica-en-el-centro-de-dia-bahia-de-cadiz\/\" aria-label=\"M\u00e1s en Alta Terap\u00e9utica en el Centro de D\u00eda Bah\u00eda de C\u00e1diz\">Leer m\u00e1s<\/a><\/p>\n","protected":false},"author":2,"featured_media":0,"comment_status":"closed","ping_status":"closed","sticky":false,"template":"","format":"standard","meta":{"footnotes":""},"categories":[1],"tags":[],"class_list":["post-2649","post","type-post","status-publish","format-standard","hentry","category-sin-categoria"],"_links":{"self":[{"href":"https:\/\/www.proyectohombreprovinciacadiz.org\/index.php\/wp-json\/wp\/v2\/posts\/2649","targetHints":{"allow":["GET"]}}],"collection":[{"href":"https:\/\/www.proyectohombreprovinciacadiz.org\/index.php\/wp-json\/wp\/v2\/posts"}],"about":[{"href":"https:\/\/www.proyectohombreprovinciacadiz.org\/index.php\/wp-json\/wp\/v2\/types\/post"}],"author":[{"embeddable":true,"href":"https:\/\/www.proyectohombreprovinciacadiz.org\/index.php\/wp-json\/wp\/v2\/users\/2"}],"replies":[{"embeddable":true,"href":"https:\/\/www.proyectohombreprovinciacadiz.org\/index.php\/wp-json\/wp\/v2\/comments?post=2649"}],"version-history":[{"count":2,"href":"https:\/\/www.proyectohombreprovinciacadiz.org\/index.php\/wp-json\/wp\/v2\/posts\/2649\/revisions"}],"predecessor-version":[{"id":2654,"href":"https:\/\/www.proyectohombreprovinciacadiz.org\/index.php\/wp-json\/wp\/v2\/posts\/2649\/revisions\/2654"}],"wp:attachment":[{"href":"https:\/\/www.proyectohombreprovinciacadiz.org\/index.php\/wp-json\/wp\/v2\/media?parent=2649"}],"wp:term":[{"taxonomy":"category","embeddable":true,"href":"https:\/\/www.proyectohombreprovinciacadiz.org\/index.php\/wp-json\/wp\/v2\/categories?post=2649"},{"taxonomy":"post_tag","embeddable":true,"href":"https:\/\/www.proyectohombreprovinciacadiz.org\/index.php\/wp-json\/wp\/v2\/tags?post=2649"}],"curies":[{"name":"wp","href":"https:\/\/api.w.org\/{rel}","templated":true}]}}