{"id":2655,"date":"2023-05-29T08:29:57","date_gmt":"2023-05-29T06:29:57","guid":{"rendered":"https:\/\/www.proyectohombreprovinciacadiz.org\/?p=2655"},"modified":"2023-05-29T08:29:58","modified_gmt":"2023-05-29T06:29:58","slug":"firma-de-convenio-con-el-ayuntamiento-de-jerez","status":"publish","type":"post","link":"https:\/\/www.proyectohombreprovinciacadiz.org\/index.php\/2023\/05\/29\/firma-de-convenio-con-el-ayuntamiento-de-jerez\/","title":{"rendered":"Firma de convenio con el Ayuntamiento de Jerez"},"content":{"rendered":"\n<p>La Delegada del \u00e1rea de Acci\u00f3n Social y Pol\u00edticas Inclusivas del Excmo. Ayuntamiento de Jerez, Carmen Collado, y el Director de Proyecto Hombre provincia de C\u00e1diz, Luis Bononato, firmaron el 24 de mayo un convenio gracias al cual vamos a ejecutar durante el a\u00f1o 2023, el Programa de \u201cInclusi\u00f3n social, solidaridad y atenci\u00f3n a personas con problemas de adicciones y con situaci\u00f3n jur\u00eddico-penitenciaria, y a sus familias en Jerez de la Frontera.<\/p>\n\n\n\n<p>Contamos con la dotaci\u00f3n econ\u00f3mica de 18.000,00 \u20ac y se est\u00e1n realizando actividades orientadas a la desprisionalizaci\u00f3n de personas que han cumplido penas privativas de libertad, acompa\u00f1amiento familiar para la reinserci\u00f3n del colectivo, seguimiento de medidas judiciales alternativas a la pena de prisi\u00f3n, etc.<\/p>\n\n\n\n<figure class=\"wp-block-image size-full\"><img fetchpriority=\"high\" decoding=\"async\" width=\"667\" height=\"375\" src=\"https:\/\/www.proyectohombreprovinciacadiz.org\/wp-content\/uploads\/2023\/05\/Ayuntamiento.jpg\" alt=\"\" class=\"wp-image-2656\" srcset=\"https:\/\/www.proyectohombreprovinciacadiz.org\/wp-content\/uploads\/2023\/05\/Ayuntamiento.jpg 667w, https:\/\/www.proyectohombreprovinciacadiz.org\/wp-content\/uploads\/2023\/05\/Ayuntamiento-300x169.jpg 300w\" sizes=\"(max-width: 667px) 100vw, 667px\" \/><\/figure>\n","protected":false},"excerpt":{"rendered":"<p>La Delegada del \u00e1rea de Acci\u00f3n Social y Pol\u00edticas Inclusivas del Excmo. Ayuntamiento de Jerez, Carmen Collado, y el Director de Proyecto Hombre provincia de C\u00e1diz, Luis Bononato, firmaron el 24 de mayo un convenio gracias al cual vamos a ejecutar durante el a\u00f1o 2023, el Programa de \u201cInclusi\u00f3n social, solidaridad y atenci\u00f3n a personas &#8230; <a title=\"Firma de convenio con el Ayuntamiento de Jerez\" class=\"read-more\" href=\"https:\/\/www.proyectohombreprovinciacadiz.org\/index.php\/2023\/05\/29\/firma-de-convenio-con-el-ayuntamiento-de-jerez\/\" aria-label=\"M\u00e1s en Firma de convenio con el Ayuntamiento de Jerez\">Leer m\u00e1s<\/a><\/p>\n","protected":false},"author":2,"featured_media":0,"comment_status":"closed","ping_status":"closed","sticky":false,"template":"","format":"standard","meta":{"footnotes":""},"categories":[1],"tags":[],"class_list":["post-2655","post","type-post","status-publish","format-standard","hentry","category-sin-categoria"],"_links":{"self":[{"href":"https:\/\/www.proyectohombreprovinciacadiz.org\/index.php\/wp-json\/wp\/v2\/posts\/2655","targetHints":{"allow":["GET"]}}],"collection":[{"href":"https:\/\/www.proyectohombreprovinciacadiz.org\/index.php\/wp-json\/wp\/v2\/posts"}],"about":[{"href":"https:\/\/www.proyectohombreprovinciacadiz.org\/index.php\/wp-json\/wp\/v2\/types\/post"}],"author":[{"embeddable":true,"href":"https:\/\/www.proyectohombreprovinciacadiz.org\/index.php\/wp-json\/wp\/v2\/users\/2"}],"replies":[{"embeddable":true,"href":"https:\/\/www.proyectohombreprovinciacadiz.org\/index.php\/wp-json\/wp\/v2\/comments?post=2655"}],"version-history":[{"count":1,"href":"https:\/\/www.proyectohombreprovinciacadiz.org\/index.php\/wp-json\/wp\/v2\/posts\/2655\/revisions"}],"predecessor-version":[{"id":2657,"href":"https:\/\/www.proyectohombreprovinciacadiz.org\/index.php\/wp-json\/wp\/v2\/posts\/2655\/revisions\/2657"}],"wp:attachment":[{"href":"https:\/\/www.proyectohombreprovinciacadiz.org\/index.php\/wp-json\/wp\/v2\/media?parent=2655"}],"wp:term":[{"taxonomy":"category","embeddable":true,"href":"https:\/\/www.proyectohombreprovinciacadiz.org\/index.php\/wp-json\/wp\/v2\/categories?post=2655"},{"taxonomy":"post_tag","embeddable":true,"href":"https:\/\/www.proyectohombreprovinciacadiz.org\/index.php\/wp-json\/wp\/v2\/tags?post=2655"}],"curies":[{"name":"wp","href":"https:\/\/api.w.org\/{rel}","templated":true}]}}