{"id":2658,"date":"2023-05-29T08:32:41","date_gmt":"2023-05-29T06:32:41","guid":{"rendered":"https:\/\/www.proyectohombreprovinciacadiz.org\/?p=2658"},"modified":"2023-05-29T08:32:42","modified_gmt":"2023-05-29T06:32:42","slug":"seminario-de-risoterapia-en-el-programa-de-prision","status":"publish","type":"post","link":"https:\/\/www.proyectohombreprovinciacadiz.org\/index.php\/2023\/05\/29\/seminario-de-risoterapia-en-el-programa-de-prision\/","title":{"rendered":"Seminario de Risoterapia en el Programa de Prisi\u00f3n"},"content":{"rendered":"\n<p>Desde el Programa de Prisi\u00f3n hemos llevado a cabo en el mes de mayo un seminario de risoterapia. Es necesario realizar esta actividad para lanzar un mensaje esperanzador, positivo y realista para aquellas personas que pasan por situaciones de crisis y conflictos personales o sociales.<\/p>\n\n\n\n<p>El sentido del humor nos ayuda a comprender el mundo, viendo la realidad desde diferentes puntos de vista. El humor nos ayuda a aliviar las tensiones que se generan en el d\u00eda a d\u00eda, y a\u00fan m\u00e1s en el contexto penitenciario. Entendemos que en el ambiente en el que conviven los internos y las internas es necesario trabajar estos espacios de distensi\u00f3n.<\/p>\n\n\n\n<p>Esta actividad pertenece al \u201cPrograma de rehabilitaci\u00f3n para las personas privadas de libertad con problemas de adicci\u00f3n\u201d que se lleva a cabo en colaboraci\u00f3n con la Consejer\u00eda de Inclusi\u00f3n, juventud, familia e Igualdad, de la Junta de Andaluc\u00eda, por la asignaci\u00f3n tributaria del 0,7% del IRPF para entidades privadas de inter\u00e9s general.<\/p>\n\n\n\n<figure class=\"wp-block-gallery has-nested-images columns-default is-cropped wp-block-gallery-1 is-layout-flex wp-block-gallery-is-layout-flex\">\n<figure class=\"wp-block-image size-large\"><img fetchpriority=\"high\" decoding=\"async\" width=\"1024\" height=\"771\" data-id=\"2659\" src=\"https:\/\/www.proyectohombreprovinciacadiz.org\/wp-content\/uploads\/2023\/05\/Consejeria-de-inclusion-social-1-1024x771.png\" alt=\"\" class=\"wp-image-2659\" srcset=\"https:\/\/www.proyectohombreprovinciacadiz.org\/wp-content\/uploads\/2023\/05\/Consejeria-de-inclusion-social-1-1024x771.png 1024w, https:\/\/www.proyectohombreprovinciacadiz.org\/wp-content\/uploads\/2023\/05\/Consejeria-de-inclusion-social-1-300x226.png 300w, https:\/\/www.proyectohombreprovinciacadiz.org\/wp-content\/uploads\/2023\/05\/Consejeria-de-inclusion-social-1-768x579.png 768w, https:\/\/www.proyectohombreprovinciacadiz.org\/wp-content\/uploads\/2023\/05\/Consejeria-de-inclusion-social-1.png 1192w\" sizes=\"(max-width: 1024px) 100vw, 1024px\" \/><\/figure>\n\n\n\n<figure class=\"wp-block-image size-large\"><img decoding=\"async\" width=\"1024\" height=\"614\" data-id=\"2660\" src=\"https:\/\/www.proyectohombreprovinciacadiz.org\/wp-content\/uploads\/2023\/05\/IMG_20230524_120706-1024x614.jpg\" alt=\"\" class=\"wp-image-2660\" srcset=\"https:\/\/www.proyectohombreprovinciacadiz.org\/wp-content\/uploads\/2023\/05\/IMG_20230524_120706-1024x614.jpg 1024w, https:\/\/www.proyectohombreprovinciacadiz.org\/wp-content\/uploads\/2023\/05\/IMG_20230524_120706-300x180.jpg 300w, https:\/\/www.proyectohombreprovinciacadiz.org\/wp-content\/uploads\/2023\/05\/IMG_20230524_120706-768x461.jpg 768w, https:\/\/www.proyectohombreprovinciacadiz.org\/wp-content\/uploads\/2023\/05\/IMG_20230524_120706-1536x922.jpg 1536w, https:\/\/www.proyectohombreprovinciacadiz.org\/wp-content\/uploads\/2023\/05\/IMG_20230524_120706-2048x1229.jpg 2048w\" sizes=\"(max-width: 1024px) 100vw, 1024px\" \/><\/figure>\n\n\n\n<figure class=\"wp-block-image size-large\"><img decoding=\"async\" width=\"1024\" height=\"614\" data-id=\"2661\" src=\"https:\/\/www.proyectohombreprovinciacadiz.org\/wp-content\/uploads\/2023\/05\/IMG_20230525_114755-1024x614.jpg\" alt=\"\" class=\"wp-image-2661\" srcset=\"https:\/\/www.proyectohombreprovinciacadiz.org\/wp-content\/uploads\/2023\/05\/IMG_20230525_114755-1024x614.jpg 1024w, https:\/\/www.proyectohombreprovinciacadiz.org\/wp-content\/uploads\/2023\/05\/IMG_20230525_114755-300x180.jpg 300w, https:\/\/www.proyectohombreprovinciacadiz.org\/wp-content\/uploads\/2023\/05\/IMG_20230525_114755-768x461.jpg 768w, https:\/\/www.proyectohombreprovinciacadiz.org\/wp-content\/uploads\/2023\/05\/IMG_20230525_114755-1536x922.jpg 1536w, https:\/\/www.proyectohombreprovinciacadiz.org\/wp-content\/uploads\/2023\/05\/IMG_20230525_114755-2048x1229.jpg 2048w\" sizes=\"(max-width: 1024px) 100vw, 1024px\" \/><\/figure>\n<\/figure>\n","protected":false},"excerpt":{"rendered":"<p>Desde el Programa de Prisi\u00f3n hemos llevado a cabo en el mes de mayo un seminario de risoterapia. Es necesario realizar esta actividad para lanzar un mensaje esperanzador, positivo y realista para aquellas personas que pasan por situaciones de crisis y conflictos personales o sociales. El sentido del humor nos ayuda a comprender el mundo, &#8230; <a title=\"Seminario de Risoterapia en el Programa de Prisi\u00f3n\" class=\"read-more\" href=\"https:\/\/www.proyectohombreprovinciacadiz.org\/index.php\/2023\/05\/29\/seminario-de-risoterapia-en-el-programa-de-prision\/\" aria-label=\"M\u00e1s en Seminario de Risoterapia en el Programa de Prisi\u00f3n\">Leer m\u00e1s<\/a><\/p>\n","protected":false},"author":2,"featured_media":0,"comment_status":"closed","ping_status":"closed","sticky":false,"template":"","format":"standard","meta":{"footnotes":""},"categories":[1],"tags":[],"class_list":["post-2658","post","type-post","status-publish","format-standard","hentry","category-sin-categoria"],"_links":{"self":[{"href":"https:\/\/www.proyectohombreprovinciacadiz.org\/index.php\/wp-json\/wp\/v2\/posts\/2658","targetHints":{"allow":["GET"]}}],"collection":[{"href":"https:\/\/www.proyectohombreprovinciacadiz.org\/index.php\/wp-json\/wp\/v2\/posts"}],"about":[{"href":"https:\/\/www.proyectohombreprovinciacadiz.org\/index.php\/wp-json\/wp\/v2\/types\/post"}],"author":[{"embeddable":true,"href":"https:\/\/www.proyectohombreprovinciacadiz.org\/index.php\/wp-json\/wp\/v2\/users\/2"}],"replies":[{"embeddable":true,"href":"https:\/\/www.proyectohombreprovinciacadiz.org\/index.php\/wp-json\/wp\/v2\/comments?post=2658"}],"version-history":[{"count":1,"href":"https:\/\/www.proyectohombreprovinciacadiz.org\/index.php\/wp-json\/wp\/v2\/posts\/2658\/revisions"}],"predecessor-version":[{"id":2662,"href":"https:\/\/www.proyectohombreprovinciacadiz.org\/index.php\/wp-json\/wp\/v2\/posts\/2658\/revisions\/2662"}],"wp:attachment":[{"href":"https:\/\/www.proyectohombreprovinciacadiz.org\/index.php\/wp-json\/wp\/v2\/media?parent=2658"}],"wp:term":[{"taxonomy":"category","embeddable":true,"href":"https:\/\/www.proyectohombreprovinciacadiz.org\/index.php\/wp-json\/wp\/v2\/categories?post=2658"},{"taxonomy":"post_tag","embeddable":true,"href":"https:\/\/www.proyectohombreprovinciacadiz.org\/index.php\/wp-json\/wp\/v2\/tags?post=2658"}],"curies":[{"name":"wp","href":"https:\/\/api.w.org\/{rel}","templated":true}]}}