{"id":2663,"date":"2023-05-29T16:16:05","date_gmt":"2023-05-29T14:16:05","guid":{"rendered":"https:\/\/www.proyectohombreprovinciacadiz.org\/?p=2663"},"modified":"2023-05-29T16:16:06","modified_gmt":"2023-05-29T14:16:06","slug":"xxiv-jornadas-de-la-asociacion-proyecto-hombre-encuentro-internacional-en-insercion-sociolaboral","status":"publish","type":"post","link":"https:\/\/www.proyectohombreprovinciacadiz.org\/index.php\/2023\/05\/29\/xxiv-jornadas-de-la-asociacion-proyecto-hombre-encuentro-internacional-en-insercion-sociolaboral\/","title":{"rendered":"XXIV jornadas de la Asociaci\u00f3n Proyecto Hombre: encuentro internacional en inserci\u00f3n sociolaboral."},"content":{"rendered":"\n<p>Los d\u00edas 9 y 10 de mayo se llevaron a cabo las XXIV Jornadas de la Asociaci\u00f3n Proyecto Hombre, en esta ocasi\u00f3n celebrando un encuentro internacional en inserci\u00f3n sociolaboral. Coincidiendo con el final del periodo de ejecuci\u00f3n del programa del Fondo Social Europeo, INSOLA, los centros participantes de Proyecto Hombre de la Asociaci\u00f3n nacional, presentaron las buenas practicas llevadas a cabo en este programa que busca la mejora de la empleabilidad de las personas en tratamiento en nuestros dispositivos.<\/p>\n\n\n\n<p>Estas jornadas llevadas a cabo en el Espacio Caixa F\u00f3rum de Madrid, comenzaron con una rueda de prensa en la que particip\u00f3 nuestro compa\u00f1ero Javier Sevilla junto con Elena Presencio, Directora general de la Asociaci\u00f3n Proyecto Hombre y Alfonso Arana, Presidente de Proyecto Hombre Navarra y Proyecto Hombre a nivel nacional. Con esta rueda de prensa, se dio inicio a dos d\u00edas de ponencias, mesas redondas y a la presentaci\u00f3n de nuestra campa\u00f1a \u201cm\u00e1s que un empleo\u201d.<\/p>\n\n\n\n<p>Enlace a la presentaci\u00f3n y videos de las jornadas:<\/p>\n\n\n\n<figure class=\"wp-block-embed is-type-video is-provider-youtube wp-block-embed-youtube wp-embed-aspect-16-9 wp-has-aspect-ratio\"><div class=\"wp-block-embed__wrapper\">\n<iframe title=\"Rueda de prensa. Presentaci\u00f3n campa\u00f1a Proyecto Hombre #M\u00e1sQueUnEmpleo\" width=\"1200\" height=\"675\" src=\"https:\/\/www.youtube.com\/embed\/WX5MBJJHtCU?list=PLvJm0MHG1kp_Hd2fa-w64Lvg-UD6SWxlT\" frameborder=\"0\" allow=\"accelerometer; autoplay; clipboard-write; encrypted-media; gyroscope; picture-in-picture; web-share\" allowfullscreen><\/iframe>\n<\/div><\/figure>\n\n\n\n<figure class=\"wp-block-gallery has-nested-images columns-default is-cropped wp-block-gallery-1 is-layout-flex wp-block-gallery-is-layout-flex\">\n<figure class=\"wp-block-image size-large\"><img fetchpriority=\"high\" decoding=\"async\" width=\"1024\" height=\"683\" data-id=\"2665\" src=\"https:\/\/www.proyectohombreprovinciacadiz.org\/wp-content\/uploads\/2023\/05\/fundacin-proyecto-hombre_encuentro-internacion-en-inserccin-laboral_-20230509_carlos-horcajada_01_52887580883_o-1024x683.jpg\" alt=\"\" class=\"wp-image-2665\" srcset=\"https:\/\/www.proyectohombreprovinciacadiz.org\/wp-content\/uploads\/2023\/05\/fundacin-proyecto-hombre_encuentro-internacion-en-inserccin-laboral_-20230509_carlos-horcajada_01_52887580883_o-1024x683.jpg 1024w, https:\/\/www.proyectohombreprovinciacadiz.org\/wp-content\/uploads\/2023\/05\/fundacin-proyecto-hombre_encuentro-internacion-en-inserccin-laboral_-20230509_carlos-horcajada_01_52887580883_o-300x200.jpg 300w, https:\/\/www.proyectohombreprovinciacadiz.org\/wp-content\/uploads\/2023\/05\/fundacin-proyecto-hombre_encuentro-internacion-en-inserccin-laboral_-20230509_carlos-horcajada_01_52887580883_o-768x513.jpg 768w, https:\/\/www.proyectohombreprovinciacadiz.org\/wp-content\/uploads\/2023\/05\/fundacin-proyecto-hombre_encuentro-internacion-en-inserccin-laboral_-20230509_carlos-horcajada_01_52887580883_o-1536x1025.jpg 1536w, https:\/\/www.proyectohombreprovinciacadiz.org\/wp-content\/uploads\/2023\/05\/fundacin-proyecto-hombre_encuentro-internacion-en-inserccin-laboral_-20230509_carlos-horcajada_01_52887580883_o-2048x1367.jpg 2048w\" sizes=\"(max-width: 1024px) 100vw, 1024px\" \/><\/figure>\n\n\n\n<figure class=\"wp-block-image size-large\"><img decoding=\"async\" width=\"768\" height=\"1024\" data-id=\"2664\" src=\"https:\/\/www.proyectohombreprovinciacadiz.org\/wp-content\/uploads\/2023\/05\/IMG_5184-768x1024.jpg\" alt=\"\" class=\"wp-image-2664\" srcset=\"https:\/\/www.proyectohombreprovinciacadiz.org\/wp-content\/uploads\/2023\/05\/IMG_5184-768x1024.jpg 768w, https:\/\/www.proyectohombreprovinciacadiz.org\/wp-content\/uploads\/2023\/05\/IMG_5184-225x300.jpg 225w, https:\/\/www.proyectohombreprovinciacadiz.org\/wp-content\/uploads\/2023\/05\/IMG_5184-1152x1536.jpg 1152w, https:\/\/www.proyectohombreprovinciacadiz.org\/wp-content\/uploads\/2023\/05\/IMG_5184-1536x2048.jpg 1536w, https:\/\/www.proyectohombreprovinciacadiz.org\/wp-content\/uploads\/2023\/05\/IMG_5184-scaled.jpg 1920w\" sizes=\"(max-width: 768px) 100vw, 768px\" \/><\/figure>\n<\/figure>\n","protected":false},"excerpt":{"rendered":"<p>Los d\u00edas 9 y 10 de mayo se llevaron a cabo las XXIV Jornadas de la Asociaci\u00f3n Proyecto Hombre, en esta ocasi\u00f3n celebrando un encuentro internacional en inserci\u00f3n sociolaboral. Coincidiendo con el final del periodo de ejecuci\u00f3n del programa del Fondo Social Europeo, INSOLA, los centros participantes de Proyecto Hombre de la Asociaci\u00f3n nacional, presentaron &#8230; <a title=\"XXIV jornadas de la Asociaci\u00f3n Proyecto Hombre: encuentro internacional en inserci\u00f3n sociolaboral.\" class=\"read-more\" href=\"https:\/\/www.proyectohombreprovinciacadiz.org\/index.php\/2023\/05\/29\/xxiv-jornadas-de-la-asociacion-proyecto-hombre-encuentro-internacional-en-insercion-sociolaboral\/\" aria-label=\"M\u00e1s en XXIV jornadas de la Asociaci\u00f3n Proyecto Hombre: encuentro internacional en inserci\u00f3n sociolaboral.\">Leer m\u00e1s<\/a><\/p>\n","protected":false},"author":2,"featured_media":0,"comment_status":"closed","ping_status":"closed","sticky":false,"template":"","format":"standard","meta":{"footnotes":""},"categories":[1],"tags":[],"class_list":["post-2663","post","type-post","status-publish","format-standard","hentry","category-sin-categoria"],"_links":{"self":[{"href":"https:\/\/www.proyectohombreprovinciacadiz.org\/index.php\/wp-json\/wp\/v2\/posts\/2663","targetHints":{"allow":["GET"]}}],"collection":[{"href":"https:\/\/www.proyectohombreprovinciacadiz.org\/index.php\/wp-json\/wp\/v2\/posts"}],"about":[{"href":"https:\/\/www.proyectohombreprovinciacadiz.org\/index.php\/wp-json\/wp\/v2\/types\/post"}],"author":[{"embeddable":true,"href":"https:\/\/www.proyectohombreprovinciacadiz.org\/index.php\/wp-json\/wp\/v2\/users\/2"}],"replies":[{"embeddable":true,"href":"https:\/\/www.proyectohombreprovinciacadiz.org\/index.php\/wp-json\/wp\/v2\/comments?post=2663"}],"version-history":[{"count":1,"href":"https:\/\/www.proyectohombreprovinciacadiz.org\/index.php\/wp-json\/wp\/v2\/posts\/2663\/revisions"}],"predecessor-version":[{"id":2666,"href":"https:\/\/www.proyectohombreprovinciacadiz.org\/index.php\/wp-json\/wp\/v2\/posts\/2663\/revisions\/2666"}],"wp:attachment":[{"href":"https:\/\/www.proyectohombreprovinciacadiz.org\/index.php\/wp-json\/wp\/v2\/media?parent=2663"}],"wp:term":[{"taxonomy":"category","embeddable":true,"href":"https:\/\/www.proyectohombreprovinciacadiz.org\/index.php\/wp-json\/wp\/v2\/categories?post=2663"},{"taxonomy":"post_tag","embeddable":true,"href":"https:\/\/www.proyectohombreprovinciacadiz.org\/index.php\/wp-json\/wp\/v2\/tags?post=2663"}],"curies":[{"name":"wp","href":"https:\/\/api.w.org\/{rel}","templated":true}]}}