{"id":2672,"date":"2023-06-14T08:15:33","date_gmt":"2023-06-14T06:15:33","guid":{"rendered":"https:\/\/www.proyectohombreprovinciacadiz.org\/?p=2672"},"modified":"2023-06-14T08:15:34","modified_gmt":"2023-06-14T06:15:34","slug":"convivencia-la-familia-en-proyecto-joven","status":"publish","type":"post","link":"https:\/\/www.proyectohombreprovinciacadiz.org\/index.php\/2023\/06\/14\/convivencia-la-familia-en-proyecto-joven\/","title":{"rendered":"Convivencia \u201cLa familia\u201d en Proyecto Joven"},"content":{"rendered":"\n<p>Como cada trimestre, se ha llevado a cabo una convivencia terap\u00e9utica llamada \u201cLa Familia\u201d, tem\u00e1tica sumamente importante trabajar ya que ayuda a tomar conciencia sobre el lugar que la persona usuaria ocupa en su familia de origen, y c\u00f3mo la familia ocupa un papel fundamental en el aprendizaje y desarrollo de la persona desde el nacimiento. De igual forma se ha revisado el papel hist\u00f3rico de la mujer en el n\u00facleo familiar.<\/p>\n\n\n\n<p>Destacar como siempre, la participaci\u00f3n e implicaci\u00f3n por parte del equipo de voluntariado, as\u00ed como a usuari@s y familias por su implicaci\u00f3n.<\/p>\n\n\n\n<p>Esta actividad forma parte del \u201cPrograma de promoci\u00f3n y reinserci\u00f3n social y laboral de mujeres con adicciones\u201d que se lleva a en colaboraci\u00f3n con la Consejer\u00eda de Inclusi\u00f3n, juventud, familia e Igualdad, de la Junta de Andaluc\u00eda, por la asignaci\u00f3n tributaria del 0,7% del IRPF para entidades privadas de inter\u00e9s general.\u00a0\u00a0<\/p>\n\n\n\n<figure class=\"wp-block-image size-large\"><img fetchpriority=\"high\" decoding=\"async\" width=\"1024\" height=\"771\" src=\"https:\/\/www.proyectohombreprovinciacadiz.org\/wp-content\/uploads\/2023\/05\/Consejeria-de-inclusion-social-1024x771.png\" alt=\"\" class=\"wp-image-2650\" srcset=\"https:\/\/www.proyectohombreprovinciacadiz.org\/wp-content\/uploads\/2023\/05\/Consejeria-de-inclusion-social-1024x771.png 1024w, https:\/\/www.proyectohombreprovinciacadiz.org\/wp-content\/uploads\/2023\/05\/Consejeria-de-inclusion-social-300x226.png 300w, https:\/\/www.proyectohombreprovinciacadiz.org\/wp-content\/uploads\/2023\/05\/Consejeria-de-inclusion-social-768x579.png 768w, https:\/\/www.proyectohombreprovinciacadiz.org\/wp-content\/uploads\/2023\/05\/Consejeria-de-inclusion-social.png 1192w\" sizes=\"(max-width: 1024px) 100vw, 1024px\" \/><\/figure>\n\n\n\n<figure class=\"wp-block-image size-large\"><img decoding=\"async\" width=\"1024\" height=\"768\" src=\"https:\/\/www.proyectohombreprovinciacadiz.org\/wp-content\/uploads\/2023\/06\/IMG-3051-1024x768.jpg\" alt=\"\" class=\"wp-image-2673\" srcset=\"https:\/\/www.proyectohombreprovinciacadiz.org\/wp-content\/uploads\/2023\/06\/IMG-3051-1024x768.jpg 1024w, https:\/\/www.proyectohombreprovinciacadiz.org\/wp-content\/uploads\/2023\/06\/IMG-3051-300x225.jpg 300w, https:\/\/www.proyectohombreprovinciacadiz.org\/wp-content\/uploads\/2023\/06\/IMG-3051-768x576.jpg 768w, https:\/\/www.proyectohombreprovinciacadiz.org\/wp-content\/uploads\/2023\/06\/IMG-3051-1536x1152.jpg 1536w, https:\/\/www.proyectohombreprovinciacadiz.org\/wp-content\/uploads\/2023\/06\/IMG-3051-2048x1536.jpg 2048w\" sizes=\"(max-width: 1024px) 100vw, 1024px\" \/><\/figure>\n","protected":false},"excerpt":{"rendered":"<p>Como cada trimestre, se ha llevado a cabo una convivencia terap\u00e9utica llamada \u201cLa Familia\u201d, tem\u00e1tica sumamente importante trabajar ya que ayuda a tomar conciencia sobre el lugar que la persona usuaria ocupa en su familia de origen, y c\u00f3mo la familia ocupa un papel fundamental en el aprendizaje y desarrollo de la persona desde el &#8230; <a title=\"Convivencia \u201cLa familia\u201d en Proyecto Joven\" class=\"read-more\" href=\"https:\/\/www.proyectohombreprovinciacadiz.org\/index.php\/2023\/06\/14\/convivencia-la-familia-en-proyecto-joven\/\" aria-label=\"M\u00e1s en Convivencia \u201cLa familia\u201d en Proyecto Joven\">Leer m\u00e1s<\/a><\/p>\n","protected":false},"author":2,"featured_media":0,"comment_status":"closed","ping_status":"closed","sticky":false,"template":"","format":"standard","meta":{"footnotes":""},"categories":[1],"tags":[],"class_list":["post-2672","post","type-post","status-publish","format-standard","hentry","category-sin-categoria"],"_links":{"self":[{"href":"https:\/\/www.proyectohombreprovinciacadiz.org\/index.php\/wp-json\/wp\/v2\/posts\/2672","targetHints":{"allow":["GET"]}}],"collection":[{"href":"https:\/\/www.proyectohombreprovinciacadiz.org\/index.php\/wp-json\/wp\/v2\/posts"}],"about":[{"href":"https:\/\/www.proyectohombreprovinciacadiz.org\/index.php\/wp-json\/wp\/v2\/types\/post"}],"author":[{"embeddable":true,"href":"https:\/\/www.proyectohombreprovinciacadiz.org\/index.php\/wp-json\/wp\/v2\/users\/2"}],"replies":[{"embeddable":true,"href":"https:\/\/www.proyectohombreprovinciacadiz.org\/index.php\/wp-json\/wp\/v2\/comments?post=2672"}],"version-history":[{"count":1,"href":"https:\/\/www.proyectohombreprovinciacadiz.org\/index.php\/wp-json\/wp\/v2\/posts\/2672\/revisions"}],"predecessor-version":[{"id":2674,"href":"https:\/\/www.proyectohombreprovinciacadiz.org\/index.php\/wp-json\/wp\/v2\/posts\/2672\/revisions\/2674"}],"wp:attachment":[{"href":"https:\/\/www.proyectohombreprovinciacadiz.org\/index.php\/wp-json\/wp\/v2\/media?parent=2672"}],"wp:term":[{"taxonomy":"category","embeddable":true,"href":"https:\/\/www.proyectohombreprovinciacadiz.org\/index.php\/wp-json\/wp\/v2\/categories?post=2672"},{"taxonomy":"post_tag","embeddable":true,"href":"https:\/\/www.proyectohombreprovinciacadiz.org\/index.php\/wp-json\/wp\/v2\/tags?post=2672"}],"curies":[{"name":"wp","href":"https:\/\/api.w.org\/{rel}","templated":true}]}}