{"id":2676,"date":"2023-06-16T08:53:05","date_gmt":"2023-06-16T06:53:05","guid":{"rendered":"https:\/\/www.proyectohombreprovinciacadiz.org\/?p=2676"},"modified":"2023-06-16T08:53:05","modified_gmt":"2023-06-16T06:53:05","slug":"clausura-fundacion-fuerte","status":"publish","type":"post","link":"https:\/\/www.proyectohombreprovinciacadiz.org\/index.php\/2023\/06\/16\/clausura-fundacion-fuerte\/","title":{"rendered":"Clausura Fundaci\u00f3n Fuerte"},"content":{"rendered":"\n<p>El 13 de junio se clausuraron las actividades de Prevenci\u00f3n Escolar, Familiar y Comunitaria en Grazalema gracias a la subvenci\u00f3n concedida un a\u00f1o m\u00e1s por la Fundaci\u00f3n Fuerte y que nos ha permitido realizar estas actividades en las poblaciones de Conil y Grazalema.<\/p>\n\n\n\n<p>El acto estuvo presidido por: Do\u00f1a Isabel Garc\u00eda Bard\u00f3n, presidenta de la Fundaci\u00f3n Fuerte, Don Carlos Javier Garc\u00eda Ram\u00edrez, alcalde del Ayuntamiento de Grazalema, Javier P\u00e9rez Castro, segundo teniente alcalde y Don Luis B. Bononato V\u00e1zquez, director de Proyecto Hombre provincia de C\u00e1diz.<\/p>\n\n\n\n<p>Nos acompa\u00f1aron, Don Antonio Medina Reina, Director del IES Sierra de Grazalema y Do\u00f1a Ana L. Aranda Mart\u00edn coordinadora del programa de prevenci\u00f3n de nuestro centro.<\/p>\n\n\n\n<p>Nuestros ni\u00f1os y ni\u00f1as llenaron de alegr\u00eda la clausura del proyecto \u201cCreciendo Fuerte\u201d Gracias a todos y todas quienes lo hac\u00e9is posible, \u00a1Feliz Verano!<\/p>\n\n\n\n<figure class=\"wp-block-gallery has-nested-images columns-default is-cropped wp-block-gallery-1 is-layout-flex wp-block-gallery-is-layout-flex\">\n<figure class=\"wp-block-image size-large\"><img fetchpriority=\"high\" decoding=\"async\" width=\"1024\" height=\"682\" data-id=\"2677\" src=\"https:\/\/www.proyectohombreprovinciacadiz.org\/wp-content\/uploads\/2023\/06\/prensa_radio_grazalema_1-1024x682.jpg\" alt=\"\" class=\"wp-image-2677\" srcset=\"https:\/\/www.proyectohombreprovinciacadiz.org\/wp-content\/uploads\/2023\/06\/prensa_radio_grazalema_1-1024x682.jpg 1024w, https:\/\/www.proyectohombreprovinciacadiz.org\/wp-content\/uploads\/2023\/06\/prensa_radio_grazalema_1-300x200.jpg 300w, https:\/\/www.proyectohombreprovinciacadiz.org\/wp-content\/uploads\/2023\/06\/prensa_radio_grazalema_1-768x512.jpg 768w, https:\/\/www.proyectohombreprovinciacadiz.org\/wp-content\/uploads\/2023\/06\/prensa_radio_grazalema_1-1536x1024.jpg 1536w, https:\/\/www.proyectohombreprovinciacadiz.org\/wp-content\/uploads\/2023\/06\/prensa_radio_grazalema_1.jpg 2000w\" sizes=\"(max-width: 1024px) 100vw, 1024px\" \/><\/figure>\n\n\n\n<figure class=\"wp-block-image size-large\"><img decoding=\"async\" width=\"1024\" height=\"682\" data-id=\"2678\" src=\"https:\/\/www.proyectohombreprovinciacadiz.org\/wp-content\/uploads\/2023\/06\/prensa_radio_grazalema_2-1024x682.jpg\" alt=\"\" class=\"wp-image-2678\" srcset=\"https:\/\/www.proyectohombreprovinciacadiz.org\/wp-content\/uploads\/2023\/06\/prensa_radio_grazalema_2-1024x682.jpg 1024w, https:\/\/www.proyectohombreprovinciacadiz.org\/wp-content\/uploads\/2023\/06\/prensa_radio_grazalema_2-300x200.jpg 300w, https:\/\/www.proyectohombreprovinciacadiz.org\/wp-content\/uploads\/2023\/06\/prensa_radio_grazalema_2-768x512.jpg 768w, https:\/\/www.proyectohombreprovinciacadiz.org\/wp-content\/uploads\/2023\/06\/prensa_radio_grazalema_2-1536x1024.jpg 1536w, https:\/\/www.proyectohombreprovinciacadiz.org\/wp-content\/uploads\/2023\/06\/prensa_radio_grazalema_2.jpg 2000w\" sizes=\"(max-width: 1024px) 100vw, 1024px\" \/><\/figure>\n\n\n\n<figure class=\"wp-block-image size-large\"><img decoding=\"async\" width=\"1024\" height=\"682\" data-id=\"2679\" src=\"https:\/\/www.proyectohombreprovinciacadiz.org\/wp-content\/uploads\/2023\/06\/prensa_radio_grazalema_12-1024x682.jpg\" alt=\"\" class=\"wp-image-2679\" srcset=\"https:\/\/www.proyectohombreprovinciacadiz.org\/wp-content\/uploads\/2023\/06\/prensa_radio_grazalema_12-1024x682.jpg 1024w, https:\/\/www.proyectohombreprovinciacadiz.org\/wp-content\/uploads\/2023\/06\/prensa_radio_grazalema_12-300x200.jpg 300w, https:\/\/www.proyectohombreprovinciacadiz.org\/wp-content\/uploads\/2023\/06\/prensa_radio_grazalema_12-768x512.jpg 768w, https:\/\/www.proyectohombreprovinciacadiz.org\/wp-content\/uploads\/2023\/06\/prensa_radio_grazalema_12-1536x1024.jpg 1536w, https:\/\/www.proyectohombreprovinciacadiz.org\/wp-content\/uploads\/2023\/06\/prensa_radio_grazalema_12.jpg 2000w\" sizes=\"(max-width: 1024px) 100vw, 1024px\" \/><\/figure>\n<\/figure>\n","protected":false},"excerpt":{"rendered":"<p>El 13 de junio se clausuraron las actividades de Prevenci\u00f3n Escolar, Familiar y Comunitaria en Grazalema gracias a la subvenci\u00f3n concedida un a\u00f1o m\u00e1s por la Fundaci\u00f3n Fuerte y que nos ha permitido realizar estas actividades en las poblaciones de Conil y Grazalema. El acto estuvo presidido por: Do\u00f1a Isabel Garc\u00eda Bard\u00f3n, presidenta de la &#8230; <a title=\"Clausura Fundaci\u00f3n Fuerte\" class=\"read-more\" href=\"https:\/\/www.proyectohombreprovinciacadiz.org\/index.php\/2023\/06\/16\/clausura-fundacion-fuerte\/\" aria-label=\"M\u00e1s en Clausura Fundaci\u00f3n Fuerte\">Leer m\u00e1s<\/a><\/p>\n","protected":false},"author":2,"featured_media":0,"comment_status":"closed","ping_status":"closed","sticky":false,"template":"","format":"standard","meta":{"footnotes":""},"categories":[1],"tags":[],"class_list":["post-2676","post","type-post","status-publish","format-standard","hentry","category-sin-categoria"],"_links":{"self":[{"href":"https:\/\/www.proyectohombreprovinciacadiz.org\/index.php\/wp-json\/wp\/v2\/posts\/2676","targetHints":{"allow":["GET"]}}],"collection":[{"href":"https:\/\/www.proyectohombreprovinciacadiz.org\/index.php\/wp-json\/wp\/v2\/posts"}],"about":[{"href":"https:\/\/www.proyectohombreprovinciacadiz.org\/index.php\/wp-json\/wp\/v2\/types\/post"}],"author":[{"embeddable":true,"href":"https:\/\/www.proyectohombreprovinciacadiz.org\/index.php\/wp-json\/wp\/v2\/users\/2"}],"replies":[{"embeddable":true,"href":"https:\/\/www.proyectohombreprovinciacadiz.org\/index.php\/wp-json\/wp\/v2\/comments?post=2676"}],"version-history":[{"count":1,"href":"https:\/\/www.proyectohombreprovinciacadiz.org\/index.php\/wp-json\/wp\/v2\/posts\/2676\/revisions"}],"predecessor-version":[{"id":2680,"href":"https:\/\/www.proyectohombreprovinciacadiz.org\/index.php\/wp-json\/wp\/v2\/posts\/2676\/revisions\/2680"}],"wp:attachment":[{"href":"https:\/\/www.proyectohombreprovinciacadiz.org\/index.php\/wp-json\/wp\/v2\/media?parent=2676"}],"wp:term":[{"taxonomy":"category","embeddable":true,"href":"https:\/\/www.proyectohombreprovinciacadiz.org\/index.php\/wp-json\/wp\/v2\/categories?post=2676"},{"taxonomy":"post_tag","embeddable":true,"href":"https:\/\/www.proyectohombreprovinciacadiz.org\/index.php\/wp-json\/wp\/v2\/tags?post=2676"}],"curies":[{"name":"wp","href":"https:\/\/api.w.org\/{rel}","templated":true}]}}