{"id":2691,"date":"2023-06-19T09:36:44","date_gmt":"2023-06-19T07:36:44","guid":{"rendered":"https:\/\/www.proyectohombreprovinciacadiz.org\/?p=2691"},"modified":"2023-06-19T09:36:45","modified_gmt":"2023-06-19T07:36:45","slug":"taller-en-el-grupo-de-reduccion-del-dano","status":"publish","type":"post","link":"https:\/\/www.proyectohombreprovinciacadiz.org\/index.php\/2023\/06\/19\/taller-en-el-grupo-de-reduccion-del-dano\/","title":{"rendered":"Taller en el grupo de reducci\u00f3n del da\u00f1o."},"content":{"rendered":"\n<p>El pasado 15 de junio se realiz\u00f3 en el grupo de Reducci\u00f3n del da\u00f1o un taller sobre \u201cperspectiva de g\u00e9nero\u201d. Este taller tiene como objetivos contribuir a la reducci\u00f3n de las brechas de desigualdad entre mujeres y hombres, romper roles y estereotipos de g\u00e9nero, tratar de alcanzar una proporci\u00f3n equilibrada entre mujeres y hombres que participan en el proyecto y ofrecer las mismas oportunidades a todas las personas participantes del proyecto.<\/p>\n\n\n\n<p>Esta perspectiva ayuda a comprender m\u00e1s profundamente tanto la vida de las mujeres como la de los hombres y las relaciones que se dan entre ambos. Este enfoque cuestiona los estereotipos con que somos educados y abre la posibilidad de elaborar nuevos contenidos de socializaci\u00f3n y relaci\u00f3n entre los seres humanos.<\/p>\n\n\n\n<p>Destacar y valorar la participaci\u00f3n de los\/as usuarios y usuarias que mostraron en todo momento una actitud abierta, activa y participativa en el taller, mostrando un gran inter\u00e9s en continuar trabajando en esta misma l\u00ednea de trabajo<\/p>\n\n\n\n<p>Esta actividad forma parte del \u201cPrograma Integral de reducci\u00f3n de da\u00f1os para personas con adicciones\u201d que se lleva gracias a la subvenci\u00f3n de la Consejer\u00eda de Inclusi\u00f3n, juventud, familia e Igualdad, de la Junta de Andaluc\u00eda, por la asignaci\u00f3n tributaria del 0,7% del IRPF para entidades privadas de inter\u00e9s general.\u00a0\u00a0<\/p>\n\n\n\n<figure class=\"wp-block-image size-large\"><img fetchpriority=\"high\" decoding=\"async\" width=\"1024\" height=\"768\" src=\"https:\/\/www.proyectohombreprovinciacadiz.org\/wp-content\/uploads\/2023\/06\/IMG_3992-1024x768.jpg\" alt=\"\" class=\"wp-image-2692\" srcset=\"https:\/\/www.proyectohombreprovinciacadiz.org\/wp-content\/uploads\/2023\/06\/IMG_3992-1024x768.jpg 1024w, https:\/\/www.proyectohombreprovinciacadiz.org\/wp-content\/uploads\/2023\/06\/IMG_3992-300x225.jpg 300w, https:\/\/www.proyectohombreprovinciacadiz.org\/wp-content\/uploads\/2023\/06\/IMG_3992-768x576.jpg 768w, https:\/\/www.proyectohombreprovinciacadiz.org\/wp-content\/uploads\/2023\/06\/IMG_3992-1536x1152.jpg 1536w, https:\/\/www.proyectohombreprovinciacadiz.org\/wp-content\/uploads\/2023\/06\/IMG_3992-2048x1536.jpg 2048w\" sizes=\"(max-width: 1024px) 100vw, 1024px\" \/><\/figure>\n\n\n\n<figure class=\"wp-block-image size-large\"><img decoding=\"async\" width=\"1024\" height=\"683\" src=\"https:\/\/www.proyectohombreprovinciacadiz.org\/wp-content\/uploads\/2023\/06\/RRSS-IRPF-Andalucia-2023-1024x683.jpg\" alt=\"\" class=\"wp-image-2695\" srcset=\"https:\/\/www.proyectohombreprovinciacadiz.org\/wp-content\/uploads\/2023\/06\/RRSS-IRPF-Andalucia-2023-1024x683.jpg 1024w, https:\/\/www.proyectohombreprovinciacadiz.org\/wp-content\/uploads\/2023\/06\/RRSS-IRPF-Andalucia-2023-300x200.jpg 300w, https:\/\/www.proyectohombreprovinciacadiz.org\/wp-content\/uploads\/2023\/06\/RRSS-IRPF-Andalucia-2023-768x512.jpg 768w, https:\/\/www.proyectohombreprovinciacadiz.org\/wp-content\/uploads\/2023\/06\/RRSS-IRPF-Andalucia-2023-1536x1024.jpg 1536w, https:\/\/www.proyectohombreprovinciacadiz.org\/wp-content\/uploads\/2023\/06\/RRSS-IRPF-Andalucia-2023-2048x1365.jpg 2048w\" sizes=\"(max-width: 1024px) 100vw, 1024px\" \/><\/figure>\n","protected":false},"excerpt":{"rendered":"<p>El pasado 15 de junio se realiz\u00f3 en el grupo de Reducci\u00f3n del da\u00f1o un taller sobre \u201cperspectiva de g\u00e9nero\u201d. Este taller tiene como objetivos contribuir a la reducci\u00f3n de las brechas de desigualdad entre mujeres y hombres, romper roles y estereotipos de g\u00e9nero, tratar de alcanzar una proporci\u00f3n equilibrada entre mujeres y hombres que &#8230; <a title=\"Taller en el grupo de reducci\u00f3n del da\u00f1o.\" class=\"read-more\" href=\"https:\/\/www.proyectohombreprovinciacadiz.org\/index.php\/2023\/06\/19\/taller-en-el-grupo-de-reduccion-del-dano\/\" aria-label=\"M\u00e1s en Taller en el grupo de reducci\u00f3n del da\u00f1o.\">Leer m\u00e1s<\/a><\/p>\n","protected":false},"author":2,"featured_media":0,"comment_status":"closed","ping_status":"closed","sticky":false,"template":"","format":"standard","meta":{"footnotes":""},"categories":[1],"tags":[],"class_list":["post-2691","post","type-post","status-publish","format-standard","hentry","category-sin-categoria"],"_links":{"self":[{"href":"https:\/\/www.proyectohombreprovinciacadiz.org\/index.php\/wp-json\/wp\/v2\/posts\/2691","targetHints":{"allow":["GET"]}}],"collection":[{"href":"https:\/\/www.proyectohombreprovinciacadiz.org\/index.php\/wp-json\/wp\/v2\/posts"}],"about":[{"href":"https:\/\/www.proyectohombreprovinciacadiz.org\/index.php\/wp-json\/wp\/v2\/types\/post"}],"author":[{"embeddable":true,"href":"https:\/\/www.proyectohombreprovinciacadiz.org\/index.php\/wp-json\/wp\/v2\/users\/2"}],"replies":[{"embeddable":true,"href":"https:\/\/www.proyectohombreprovinciacadiz.org\/index.php\/wp-json\/wp\/v2\/comments?post=2691"}],"version-history":[{"count":2,"href":"https:\/\/www.proyectohombreprovinciacadiz.org\/index.php\/wp-json\/wp\/v2\/posts\/2691\/revisions"}],"predecessor-version":[{"id":2696,"href":"https:\/\/www.proyectohombreprovinciacadiz.org\/index.php\/wp-json\/wp\/v2\/posts\/2691\/revisions\/2696"}],"wp:attachment":[{"href":"https:\/\/www.proyectohombreprovinciacadiz.org\/index.php\/wp-json\/wp\/v2\/media?parent=2691"}],"wp:term":[{"taxonomy":"category","embeddable":true,"href":"https:\/\/www.proyectohombreprovinciacadiz.org\/index.php\/wp-json\/wp\/v2\/categories?post=2691"},{"taxonomy":"post_tag","embeddable":true,"href":"https:\/\/www.proyectohombreprovinciacadiz.org\/index.php\/wp-json\/wp\/v2\/tags?post=2691"}],"curies":[{"name":"wp","href":"https:\/\/api.w.org\/{rel}","templated":true}]}}