{"id":2698,"date":"2023-06-22T11:29:00","date_gmt":"2023-06-22T09:29:00","guid":{"rendered":"https:\/\/www.proyectohombreprovinciacadiz.org\/?p=2698"},"modified":"2023-06-19T11:33:22","modified_gmt":"2023-06-19T09:33:22","slug":"fin-del-curso-escolar-volvemos-en-septiembre","status":"publish","type":"post","link":"https:\/\/www.proyectohombreprovinciacadiz.org\/index.php\/2023\/06\/22\/fin-del-curso-escolar-volvemos-en-septiembre\/","title":{"rendered":"\u00a1Fin del curso escolar, volvemos en septiembre!"},"content":{"rendered":"\n<p>La Segunda Edici\u00f3n del programa de Proyecto Hombre provincia de C\u00e1diz, <em>Siento, pienso, luego act\u00fao<\/em>, se despide de los centros educativos hasta el pr\u00f3ximo curso.<\/p>\n\n\n\n<p>\u201cChicos, chicas, hemos cumplido los objetivos propuestos y ya sab\u00e9is que podemos aprender mucho pas\u00e1ndolo \u00a1muy bien!\u201d<\/p>\n\n\n\n<p>\u00a1Gracias a los m\u00e1s de 700 alumnos\/as que han participado por hacerlo posible! Sin olvidarnos del profesorado y las familias que nos han estado acompa\u00f1ando.<\/p>\n\n\n\n<p>Nosotros, seguimos trabajando con otras entidades. Volvemos en septiembre. \u00a1Feliz verano!<\/p>\n\n\n\n<p>Este trabajo se lleva a cabo gracias al Ministerio de Derechos Sociales y Agenda 2030 con cargo a la asignaci\u00f3n tributaria del IRPF y del Impuesto sobre sociedades.<\/p>\n\n\n\n<figure class=\"wp-block-gallery has-nested-images columns-default is-cropped wp-block-gallery-1 is-layout-flex wp-block-gallery-is-layout-flex\">\n<figure class=\"wp-block-image size-large\"><img fetchpriority=\"high\" decoding=\"async\" width=\"768\" height=\"1024\" data-id=\"2701\" src=\"https:\/\/www.proyectohombreprovinciacadiz.org\/wp-content\/uploads\/2023\/06\/FOTO-NOTICIA-1-768x1024.jpg\" alt=\"\" class=\"wp-image-2701\" srcset=\"https:\/\/www.proyectohombreprovinciacadiz.org\/wp-content\/uploads\/2023\/06\/FOTO-NOTICIA-1-768x1024.jpg 768w, https:\/\/www.proyectohombreprovinciacadiz.org\/wp-content\/uploads\/2023\/06\/FOTO-NOTICIA-1-225x300.jpg 225w, https:\/\/www.proyectohombreprovinciacadiz.org\/wp-content\/uploads\/2023\/06\/FOTO-NOTICIA-1-1152x1536.jpg 1152w, https:\/\/www.proyectohombreprovinciacadiz.org\/wp-content\/uploads\/2023\/06\/FOTO-NOTICIA-1-1536x2048.jpg 1536w, https:\/\/www.proyectohombreprovinciacadiz.org\/wp-content\/uploads\/2023\/06\/FOTO-NOTICIA-1-scaled.jpg 1920w\" sizes=\"(max-width: 768px) 100vw, 768px\" \/><\/figure>\n\n\n\n<figure class=\"wp-block-image size-large\"><img decoding=\"async\" width=\"768\" height=\"1024\" data-id=\"2702\" src=\"https:\/\/www.proyectohombreprovinciacadiz.org\/wp-content\/uploads\/2023\/06\/FOTO-NOTICIA-2-768x1024.jpg\" alt=\"\" class=\"wp-image-2702\" srcset=\"https:\/\/www.proyectohombreprovinciacadiz.org\/wp-content\/uploads\/2023\/06\/FOTO-NOTICIA-2-768x1024.jpg 768w, https:\/\/www.proyectohombreprovinciacadiz.org\/wp-content\/uploads\/2023\/06\/FOTO-NOTICIA-2-225x300.jpg 225w, https:\/\/www.proyectohombreprovinciacadiz.org\/wp-content\/uploads\/2023\/06\/FOTO-NOTICIA-2-1152x1536.jpg 1152w, https:\/\/www.proyectohombreprovinciacadiz.org\/wp-content\/uploads\/2023\/06\/FOTO-NOTICIA-2-1536x2048.jpg 1536w, https:\/\/www.proyectohombreprovinciacadiz.org\/wp-content\/uploads\/2023\/06\/FOTO-NOTICIA-2-scaled.jpg 1920w\" sizes=\"(max-width: 768px) 100vw, 768px\" \/><\/figure>\n\n\n\n<figure class=\"wp-block-image size-large\"><img decoding=\"async\" width=\"1024\" height=\"768\" data-id=\"2703\" src=\"https:\/\/www.proyectohombreprovinciacadiz.org\/wp-content\/uploads\/2023\/06\/FOTO-NOTICIA-3-1024x768.jpg\" alt=\"\" class=\"wp-image-2703\" srcset=\"https:\/\/www.proyectohombreprovinciacadiz.org\/wp-content\/uploads\/2023\/06\/FOTO-NOTICIA-3-1024x768.jpg 1024w, https:\/\/www.proyectohombreprovinciacadiz.org\/wp-content\/uploads\/2023\/06\/FOTO-NOTICIA-3-300x225.jpg 300w, https:\/\/www.proyectohombreprovinciacadiz.org\/wp-content\/uploads\/2023\/06\/FOTO-NOTICIA-3-768x576.jpg 768w, https:\/\/www.proyectohombreprovinciacadiz.org\/wp-content\/uploads\/2023\/06\/FOTO-NOTICIA-3-1536x1152.jpg 1536w, https:\/\/www.proyectohombreprovinciacadiz.org\/wp-content\/uploads\/2023\/06\/FOTO-NOTICIA-3-2048x1536.jpg 2048w\" sizes=\"(max-width: 1024px) 100vw, 1024px\" \/><\/figure>\n\n\n\n<figure class=\"wp-block-image size-large\"><img loading=\"lazy\" decoding=\"async\" width=\"575\" height=\"1024\" data-id=\"2700\" src=\"https:\/\/www.proyectohombreprovinciacadiz.org\/wp-content\/uploads\/2023\/06\/FOTO-NOTICIA-4.jpg\" alt=\"\" class=\"wp-image-2700\" srcset=\"https:\/\/www.proyectohombreprovinciacadiz.org\/wp-content\/uploads\/2023\/06\/FOTO-NOTICIA-4.jpg 575w, https:\/\/www.proyectohombreprovinciacadiz.org\/wp-content\/uploads\/2023\/06\/FOTO-NOTICIA-4-168x300.jpg 168w\" sizes=\"(max-width: 575px) 100vw, 575px\" \/><\/figure>\n\n\n\n<figure class=\"wp-block-image size-large\"><img loading=\"lazy\" decoding=\"async\" width=\"1024\" height=\"808\" data-id=\"2699\" src=\"https:\/\/www.proyectohombreprovinciacadiz.org\/wp-content\/uploads\/2023\/06\/RRSS-IRPF-Estatal-1024x808.jpg\" alt=\"\" class=\"wp-image-2699\" srcset=\"https:\/\/www.proyectohombreprovinciacadiz.org\/wp-content\/uploads\/2023\/06\/RRSS-IRPF-Estatal-1024x808.jpg 1024w, https:\/\/www.proyectohombreprovinciacadiz.org\/wp-content\/uploads\/2023\/06\/RRSS-IRPF-Estatal-300x237.jpg 300w, https:\/\/www.proyectohombreprovinciacadiz.org\/wp-content\/uploads\/2023\/06\/RRSS-IRPF-Estatal-768x606.jpg 768w, https:\/\/www.proyectohombreprovinciacadiz.org\/wp-content\/uploads\/2023\/06\/RRSS-IRPF-Estatal.jpg 1193w\" sizes=\"(max-width: 1024px) 100vw, 1024px\" \/><\/figure>\n<\/figure>\n","protected":false},"excerpt":{"rendered":"<p>La Segunda Edici\u00f3n del programa de Proyecto Hombre provincia de C\u00e1diz, Siento, pienso, luego act\u00fao, se despide de los centros educativos hasta el pr\u00f3ximo curso. \u201cChicos, chicas, hemos cumplido los objetivos propuestos y ya sab\u00e9is que podemos aprender mucho pas\u00e1ndolo \u00a1muy bien!\u201d \u00a1Gracias a los m\u00e1s de 700 alumnos\/as que han participado por hacerlo posible! &#8230; <a title=\"\u00a1Fin del curso escolar, volvemos en septiembre!\" class=\"read-more\" href=\"https:\/\/www.proyectohombreprovinciacadiz.org\/index.php\/2023\/06\/22\/fin-del-curso-escolar-volvemos-en-septiembre\/\" aria-label=\"M\u00e1s en \u00a1Fin del curso escolar, volvemos en septiembre!\">Leer m\u00e1s<\/a><\/p>\n","protected":false},"author":2,"featured_media":0,"comment_status":"closed","ping_status":"closed","sticky":false,"template":"","format":"standard","meta":{"footnotes":""},"categories":[1],"tags":[],"class_list":["post-2698","post","type-post","status-publish","format-standard","hentry","category-sin-categoria"],"_links":{"self":[{"href":"https:\/\/www.proyectohombreprovinciacadiz.org\/index.php\/wp-json\/wp\/v2\/posts\/2698","targetHints":{"allow":["GET"]}}],"collection":[{"href":"https:\/\/www.proyectohombreprovinciacadiz.org\/index.php\/wp-json\/wp\/v2\/posts"}],"about":[{"href":"https:\/\/www.proyectohombreprovinciacadiz.org\/index.php\/wp-json\/wp\/v2\/types\/post"}],"author":[{"embeddable":true,"href":"https:\/\/www.proyectohombreprovinciacadiz.org\/index.php\/wp-json\/wp\/v2\/users\/2"}],"replies":[{"embeddable":true,"href":"https:\/\/www.proyectohombreprovinciacadiz.org\/index.php\/wp-json\/wp\/v2\/comments?post=2698"}],"version-history":[{"count":1,"href":"https:\/\/www.proyectohombreprovinciacadiz.org\/index.php\/wp-json\/wp\/v2\/posts\/2698\/revisions"}],"predecessor-version":[{"id":2704,"href":"https:\/\/www.proyectohombreprovinciacadiz.org\/index.php\/wp-json\/wp\/v2\/posts\/2698\/revisions\/2704"}],"wp:attachment":[{"href":"https:\/\/www.proyectohombreprovinciacadiz.org\/index.php\/wp-json\/wp\/v2\/media?parent=2698"}],"wp:term":[{"taxonomy":"category","embeddable":true,"href":"https:\/\/www.proyectohombreprovinciacadiz.org\/index.php\/wp-json\/wp\/v2\/categories?post=2698"},{"taxonomy":"post_tag","embeddable":true,"href":"https:\/\/www.proyectohombreprovinciacadiz.org\/index.php\/wp-json\/wp\/v2\/tags?post=2698"}],"curies":[{"name":"wp","href":"https:\/\/api.w.org\/{rel}","templated":true}]}}