{"id":2706,"date":"2023-06-29T08:23:46","date_gmt":"2023-06-29T06:23:46","guid":{"rendered":"https:\/\/www.proyectohombreprovinciacadiz.org\/?p=2706"},"modified":"2023-06-29T08:23:47","modified_gmt":"2023-06-29T06:23:47","slug":"salida-programada-de-internos-del-c-p-botafuegos-algeciras","status":"publish","type":"post","link":"https:\/\/www.proyectohombreprovinciacadiz.org\/index.php\/2023\/06\/29\/salida-programada-de-internos-del-c-p-botafuegos-algeciras\/","title":{"rendered":"Salida programada de internos del C.P. Botafuegos (Algeciras)"},"content":{"rendered":"\n<p>El d\u00eda 14 de junio, tuvo lugar una salida programada de once usuarios del Programa de Prisi\u00f3n y de la Unidad terap\u00e9utica educativa del Centro Penitenciario de Algeciras, a la Comunidad Terap\u00e9utica de Proyecto Hombre, acompa\u00f1ados por Paloma Mateo, (trabajadora de la entidad) y el equipo t\u00e9cnico de la prisi\u00f3n, formado por psic\u00f3loga, trabajadora social, educador y jurista.<\/p>\n\n\n\n<p>Pudieron disfrutar de un d\u00eda de convivencia e intercambio de experiencias con los usuarios que se encuentran actualmente ingresados en la comunidad terap\u00e9utica, les mostraron las instalaciones donde conviven, resolvieron dudas e hicieron preguntas. Adem\u00e1s, disfrutaron de un taller sobre autoestima.<\/p>\n\n\n\n<p>Al mediod\u00eda, tantos usuarios como trabajadores y trabajadoras, compartieron un almuerzo, elaborado por los usuarios.<\/p>\n\n\n\n<p>Fueron momentos muy emotivos, en los que se valor\u00f3 y agradeci\u00f3 la participaci\u00f3n e implicaci\u00f3n de todos los participantes.<\/p>\n\n\n\n<p>Estos momentos, son importantes para que, personas privadas de libertad, tengan momentos de aprendizaje y conozcan de primera mano los recursos existentes por si en un futuro quisieran hacer uso de ellos.<\/p>\n\n\n\n<p>Este trabajo se lleva a cabo gracias a la subvenci\u00f3n concedida por el Ministerio de Derechos Sociales y Agenda 2030 con cargo a la asignaci\u00f3n tributaria del IRPF y del Impuesto sobre sociedades<\/p>\n\n\n\n<figure class=\"wp-block-gallery has-nested-images columns-default is-cropped wp-block-gallery-1 is-layout-flex wp-block-gallery-is-layout-flex\">\n<figure class=\"wp-block-image size-large\"><img fetchpriority=\"high\" decoding=\"async\" width=\"1024\" height=\"472\" data-id=\"2708\" src=\"https:\/\/www.proyectohombreprovinciacadiz.org\/wp-content\/uploads\/2023\/06\/1-1024x472.jpg\" alt=\"\" class=\"wp-image-2708\" srcset=\"https:\/\/www.proyectohombreprovinciacadiz.org\/wp-content\/uploads\/2023\/06\/1-1024x472.jpg 1024w, https:\/\/www.proyectohombreprovinciacadiz.org\/wp-content\/uploads\/2023\/06\/1-300x138.jpg 300w, https:\/\/www.proyectohombreprovinciacadiz.org\/wp-content\/uploads\/2023\/06\/1-768x354.jpg 768w, https:\/\/www.proyectohombreprovinciacadiz.org\/wp-content\/uploads\/2023\/06\/1-1536x708.jpg 1536w, https:\/\/www.proyectohombreprovinciacadiz.org\/wp-content\/uploads\/2023\/06\/1-2048x944.jpg 2048w\" sizes=\"(max-width: 1024px) 100vw, 1024px\" \/><\/figure>\n\n\n\n<figure class=\"wp-block-image size-large\"><img decoding=\"async\" width=\"1024\" height=\"771\" data-id=\"2710\" src=\"https:\/\/www.proyectohombreprovinciacadiz.org\/wp-content\/uploads\/2023\/06\/2-1024x771.jpg\" alt=\"\" class=\"wp-image-2710\" srcset=\"https:\/\/www.proyectohombreprovinciacadiz.org\/wp-content\/uploads\/2023\/06\/2-1024x771.jpg 1024w, https:\/\/www.proyectohombreprovinciacadiz.org\/wp-content\/uploads\/2023\/06\/2-300x226.jpg 300w, https:\/\/www.proyectohombreprovinciacadiz.org\/wp-content\/uploads\/2023\/06\/2-768x578.jpg 768w, https:\/\/www.proyectohombreprovinciacadiz.org\/wp-content\/uploads\/2023\/06\/2-1536x1157.jpg 1536w, https:\/\/www.proyectohombreprovinciacadiz.org\/wp-content\/uploads\/2023\/06\/2-2048x1542.jpg 2048w\" sizes=\"(max-width: 1024px) 100vw, 1024px\" \/><\/figure>\n\n\n\n<figure class=\"wp-block-image size-large\"><img decoding=\"async\" width=\"1024\" height=\"771\" data-id=\"2709\" src=\"https:\/\/www.proyectohombreprovinciacadiz.org\/wp-content\/uploads\/2023\/06\/3-1024x771.jpg\" alt=\"\" class=\"wp-image-2709\" srcset=\"https:\/\/www.proyectohombreprovinciacadiz.org\/wp-content\/uploads\/2023\/06\/3-1024x771.jpg 1024w, https:\/\/www.proyectohombreprovinciacadiz.org\/wp-content\/uploads\/2023\/06\/3-300x226.jpg 300w, https:\/\/www.proyectohombreprovinciacadiz.org\/wp-content\/uploads\/2023\/06\/3-768x578.jpg 768w, https:\/\/www.proyectohombreprovinciacadiz.org\/wp-content\/uploads\/2023\/06\/3-1536x1157.jpg 1536w, https:\/\/www.proyectohombreprovinciacadiz.org\/wp-content\/uploads\/2023\/06\/3-2048x1542.jpg 2048w\" sizes=\"(max-width: 1024px) 100vw, 1024px\" \/><\/figure>\n\n\n\n<figure class=\"wp-block-image size-large\"><img loading=\"lazy\" decoding=\"async\" width=\"1024\" height=\"768\" data-id=\"2707\" src=\"https:\/\/www.proyectohombreprovinciacadiz.org\/wp-content\/uploads\/2023\/06\/4-1024x768.jpg\" alt=\"\" class=\"wp-image-2707\" srcset=\"https:\/\/www.proyectohombreprovinciacadiz.org\/wp-content\/uploads\/2023\/06\/4-1024x768.jpg 1024w, https:\/\/www.proyectohombreprovinciacadiz.org\/wp-content\/uploads\/2023\/06\/4-300x225.jpg 300w, https:\/\/www.proyectohombreprovinciacadiz.org\/wp-content\/uploads\/2023\/06\/4-768x576.jpg 768w, https:\/\/www.proyectohombreprovinciacadiz.org\/wp-content\/uploads\/2023\/06\/4-1536x1152.jpg 1536w, https:\/\/www.proyectohombreprovinciacadiz.org\/wp-content\/uploads\/2023\/06\/4.jpg 1600w\" sizes=\"(max-width: 1024px) 100vw, 1024px\" \/><\/figure>\n\n\n\n<figure class=\"wp-block-image size-large\"><img loading=\"lazy\" decoding=\"async\" width=\"1024\" height=\"808\" data-id=\"2711\" src=\"https:\/\/www.proyectohombreprovinciacadiz.org\/wp-content\/uploads\/2023\/06\/RRSS-IRPF-Estatal-1-1024x808.jpg\" alt=\"\" class=\"wp-image-2711\" srcset=\"https:\/\/www.proyectohombreprovinciacadiz.org\/wp-content\/uploads\/2023\/06\/RRSS-IRPF-Estatal-1-1024x808.jpg 1024w, https:\/\/www.proyectohombreprovinciacadiz.org\/wp-content\/uploads\/2023\/06\/RRSS-IRPF-Estatal-1-300x237.jpg 300w, https:\/\/www.proyectohombreprovinciacadiz.org\/wp-content\/uploads\/2023\/06\/RRSS-IRPF-Estatal-1-768x606.jpg 768w, https:\/\/www.proyectohombreprovinciacadiz.org\/wp-content\/uploads\/2023\/06\/RRSS-IRPF-Estatal-1.jpg 1193w\" sizes=\"(max-width: 1024px) 100vw, 1024px\" \/><\/figure>\n<\/figure>\n","protected":false},"excerpt":{"rendered":"<p>El d\u00eda 14 de junio, tuvo lugar una salida programada de once usuarios del Programa de Prisi\u00f3n y de la Unidad terap\u00e9utica educativa del Centro Penitenciario de Algeciras, a la Comunidad Terap\u00e9utica de Proyecto Hombre, acompa\u00f1ados por Paloma Mateo, (trabajadora de la entidad) y el equipo t\u00e9cnico de la prisi\u00f3n, formado por psic\u00f3loga, trabajadora social, &#8230; <a title=\"Salida programada de internos del C.P. Botafuegos (Algeciras)\" class=\"read-more\" href=\"https:\/\/www.proyectohombreprovinciacadiz.org\/index.php\/2023\/06\/29\/salida-programada-de-internos-del-c-p-botafuegos-algeciras\/\" aria-label=\"M\u00e1s en Salida programada de internos del C.P. Botafuegos (Algeciras)\">Leer m\u00e1s<\/a><\/p>\n","protected":false},"author":2,"featured_media":0,"comment_status":"closed","ping_status":"closed","sticky":false,"template":"","format":"standard","meta":{"footnotes":""},"categories":[1],"tags":[],"class_list":["post-2706","post","type-post","status-publish","format-standard","hentry","category-sin-categoria"],"_links":{"self":[{"href":"https:\/\/www.proyectohombreprovinciacadiz.org\/index.php\/wp-json\/wp\/v2\/posts\/2706","targetHints":{"allow":["GET"]}}],"collection":[{"href":"https:\/\/www.proyectohombreprovinciacadiz.org\/index.php\/wp-json\/wp\/v2\/posts"}],"about":[{"href":"https:\/\/www.proyectohombreprovinciacadiz.org\/index.php\/wp-json\/wp\/v2\/types\/post"}],"author":[{"embeddable":true,"href":"https:\/\/www.proyectohombreprovinciacadiz.org\/index.php\/wp-json\/wp\/v2\/users\/2"}],"replies":[{"embeddable":true,"href":"https:\/\/www.proyectohombreprovinciacadiz.org\/index.php\/wp-json\/wp\/v2\/comments?post=2706"}],"version-history":[{"count":1,"href":"https:\/\/www.proyectohombreprovinciacadiz.org\/index.php\/wp-json\/wp\/v2\/posts\/2706\/revisions"}],"predecessor-version":[{"id":2712,"href":"https:\/\/www.proyectohombreprovinciacadiz.org\/index.php\/wp-json\/wp\/v2\/posts\/2706\/revisions\/2712"}],"wp:attachment":[{"href":"https:\/\/www.proyectohombreprovinciacadiz.org\/index.php\/wp-json\/wp\/v2\/media?parent=2706"}],"wp:term":[{"taxonomy":"category","embeddable":true,"href":"https:\/\/www.proyectohombreprovinciacadiz.org\/index.php\/wp-json\/wp\/v2\/categories?post=2706"},{"taxonomy":"post_tag","embeddable":true,"href":"https:\/\/www.proyectohombreprovinciacadiz.org\/index.php\/wp-json\/wp\/v2\/tags?post=2706"}],"curies":[{"name":"wp","href":"https:\/\/api.w.org\/{rel}","templated":true}]}}