{"id":2717,"date":"2023-07-04T14:43:24","date_gmt":"2023-07-04T12:43:24","guid":{"rendered":"https:\/\/www.proyectohombreprovinciacadiz.org\/?p=2717"},"modified":"2023-07-04T14:43:25","modified_gmt":"2023-07-04T12:43:25","slug":"reunion-de-la-comision-nacional-de-intervencion-laboral-de-proyecto-hombre","status":"publish","type":"post","link":"https:\/\/www.proyectohombreprovinciacadiz.org\/index.php\/2023\/07\/04\/reunion-de-la-comision-nacional-de-intervencion-laboral-de-proyecto-hombre\/","title":{"rendered":"Reuni\u00f3n de la Comisi\u00f3n nacional de Intervenci\u00f3n Laboral de Proyecto Hombre"},"content":{"rendered":"\n<p>La Comisi\u00f3n nacional de Intervenci\u00f3n laboral de la Asociaci\u00f3n Proyecto Hombre se ha reunido en Madrid, en la sede de la Asociaci\u00f3n para preparar el Foro anual de octubre y las estrategias futuras en materia de Intervenci\u00f3n Laboral.<\/p>\n\n\n\n<p>En representaci\u00f3n de Andaluc\u00eda asisti\u00f3 nuestra compa\u00f1era Ana L. Aranda.<\/p>\n\n\n\n<p>\u00a1Se vienen cosas muy interesantes!<\/p>\n\n\n\n<figure class=\"wp-block-image size-full\"><img fetchpriority=\"high\" decoding=\"async\" width=\"1024\" height=\"768\" src=\"https:\/\/www.proyectohombreprovinciacadiz.org\/wp-content\/uploads\/2023\/07\/PHOTO-2023-06-26-15-39-04-1.jpg\" alt=\"\" class=\"wp-image-2718\" srcset=\"https:\/\/www.proyectohombreprovinciacadiz.org\/wp-content\/uploads\/2023\/07\/PHOTO-2023-06-26-15-39-04-1.jpg 1024w, https:\/\/www.proyectohombreprovinciacadiz.org\/wp-content\/uploads\/2023\/07\/PHOTO-2023-06-26-15-39-04-1-300x225.jpg 300w, https:\/\/www.proyectohombreprovinciacadiz.org\/wp-content\/uploads\/2023\/07\/PHOTO-2023-06-26-15-39-04-1-768x576.jpg 768w\" sizes=\"(max-width: 1024px) 100vw, 1024px\" \/><\/figure>\n","protected":false},"excerpt":{"rendered":"<p>La Comisi\u00f3n nacional de Intervenci\u00f3n laboral de la Asociaci\u00f3n Proyecto Hombre se ha reunido en Madrid, en la sede de la Asociaci\u00f3n para preparar el Foro anual de octubre y las estrategias futuras en materia de Intervenci\u00f3n Laboral. En representaci\u00f3n de Andaluc\u00eda asisti\u00f3 nuestra compa\u00f1era Ana L. Aranda. \u00a1Se vienen cosas muy interesantes!<\/p>\n","protected":false},"author":2,"featured_media":0,"comment_status":"closed","ping_status":"closed","sticky":false,"template":"","format":"standard","meta":{"footnotes":""},"categories":[1],"tags":[],"class_list":["post-2717","post","type-post","status-publish","format-standard","hentry","category-sin-categoria"],"_links":{"self":[{"href":"https:\/\/www.proyectohombreprovinciacadiz.org\/index.php\/wp-json\/wp\/v2\/posts\/2717","targetHints":{"allow":["GET"]}}],"collection":[{"href":"https:\/\/www.proyectohombreprovinciacadiz.org\/index.php\/wp-json\/wp\/v2\/posts"}],"about":[{"href":"https:\/\/www.proyectohombreprovinciacadiz.org\/index.php\/wp-json\/wp\/v2\/types\/post"}],"author":[{"embeddable":true,"href":"https:\/\/www.proyectohombreprovinciacadiz.org\/index.php\/wp-json\/wp\/v2\/users\/2"}],"replies":[{"embeddable":true,"href":"https:\/\/www.proyectohombreprovinciacadiz.org\/index.php\/wp-json\/wp\/v2\/comments?post=2717"}],"version-history":[{"count":1,"href":"https:\/\/www.proyectohombreprovinciacadiz.org\/index.php\/wp-json\/wp\/v2\/posts\/2717\/revisions"}],"predecessor-version":[{"id":2719,"href":"https:\/\/www.proyectohombreprovinciacadiz.org\/index.php\/wp-json\/wp\/v2\/posts\/2717\/revisions\/2719"}],"wp:attachment":[{"href":"https:\/\/www.proyectohombreprovinciacadiz.org\/index.php\/wp-json\/wp\/v2\/media?parent=2717"}],"wp:term":[{"taxonomy":"category","embeddable":true,"href":"https:\/\/www.proyectohombreprovinciacadiz.org\/index.php\/wp-json\/wp\/v2\/categories?post=2717"},{"taxonomy":"post_tag","embeddable":true,"href":"https:\/\/www.proyectohombreprovinciacadiz.org\/index.php\/wp-json\/wp\/v2\/tags?post=2717"}],"curies":[{"name":"wp","href":"https:\/\/api.w.org\/{rel}","templated":true}]}}