{"id":2720,"date":"2023-07-04T14:49:24","date_gmt":"2023-07-04T12:49:24","guid":{"rendered":"https:\/\/www.proyectohombreprovinciacadiz.org\/?p=2720"},"modified":"2023-07-04T14:49:25","modified_gmt":"2023-07-04T12:49:25","slug":"seminario-sobre-el-ocio-y-el-tiempo-libre","status":"publish","type":"post","link":"https:\/\/www.proyectohombreprovinciacadiz.org\/index.php\/2023\/07\/04\/seminario-sobre-el-ocio-y-el-tiempo-libre\/","title":{"rendered":"Seminario sobre el ocio y el tiempo libre"},"content":{"rendered":"\n<p>Durante la jornada del pasado d\u00eda 26 y de cara a la llegada de la \u00e9poca estival, se ha llevado a cabo un seminario sobre el ocio y el tiempo libre con los\/as usuarios\/as del programa. Dicho seminario tiene como objetivo la toma de conciencia y la b\u00fasqueda de actividades de ocio en la ciudad, as\u00ed como el empleo del tiempo libre en actividades de componente f\u00edsico (deporte, paseos, excursiones, etc.), de componente pr\u00e1ctico (bricolaje, manualidades, etc.), culturales (leer, ir al cine, al teatro, etc.) y de car\u00e1cter social (conversar, hacer un voluntariado, ir a tomar un caf\u00e9, etc.).<\/p>\n\n\n\n<p>Estas actividades sirven como un momento de crecimiento personal, descanso y diversi\u00f3n, y cubren las necesidades que tienen los\/as adolescentes de val\u00eda, aceptaci\u00f3n por parte de los iguales, el trabajo de las relaciones sociales, la experimentaci\u00f3n de nuevas sensaciones, etc.<\/p>\n\n\n\n<p>Esta actividad pertenece al \u201cprograma de atenci\u00f3n integral a las personas con trastorno por uso de sustancias u otro trastorno psiqui\u00e1trico\u201d en colaboraci\u00f3n con la Consejer\u00eda de Inclusi\u00f3n, juventud, familia e Igualdad, de la Junta de Andaluc\u00eda, por la asignaci\u00f3n tributaria del 0,7% del IRPF para entidades privadas de inter\u00e9s general.<\/p>\n\n\n\n<figure class=\"wp-block-gallery has-nested-images columns-default is-cropped wp-block-gallery-1 is-layout-flex wp-block-gallery-is-layout-flex\">\n<figure class=\"wp-block-image size-large\"><img fetchpriority=\"high\" decoding=\"async\" width=\"1024\" height=\"768\" data-id=\"2721\" src=\"https:\/\/www.proyectohombreprovinciacadiz.org\/wp-content\/uploads\/2023\/07\/Imagen-PD-1024x768.jpg\" alt=\"\" class=\"wp-image-2721\" srcset=\"https:\/\/www.proyectohombreprovinciacadiz.org\/wp-content\/uploads\/2023\/07\/Imagen-PD-1024x768.jpg 1024w, https:\/\/www.proyectohombreprovinciacadiz.org\/wp-content\/uploads\/2023\/07\/Imagen-PD-300x225.jpg 300w, https:\/\/www.proyectohombreprovinciacadiz.org\/wp-content\/uploads\/2023\/07\/Imagen-PD-768x576.jpg 768w, https:\/\/www.proyectohombreprovinciacadiz.org\/wp-content\/uploads\/2023\/07\/Imagen-PD-1536x1152.jpg 1536w, https:\/\/www.proyectohombreprovinciacadiz.org\/wp-content\/uploads\/2023\/07\/Imagen-PD-2048x1536.jpg 2048w\" sizes=\"(max-width: 1024px) 100vw, 1024px\" \/><figcaption>oznorWO<\/figcaption><\/figure>\n<\/figure>\n\n\n\n<figure class=\"wp-block-image size-large\"><img decoding=\"async\" width=\"1024\" height=\"683\" src=\"https:\/\/www.proyectohombreprovinciacadiz.org\/wp-content\/uploads\/2023\/06\/RRSS-IRPF-Andalucia-2023-1024x683.jpg\" alt=\"\" class=\"wp-image-2695\" srcset=\"https:\/\/www.proyectohombreprovinciacadiz.org\/wp-content\/uploads\/2023\/06\/RRSS-IRPF-Andalucia-2023-1024x683.jpg 1024w, https:\/\/www.proyectohombreprovinciacadiz.org\/wp-content\/uploads\/2023\/06\/RRSS-IRPF-Andalucia-2023-300x200.jpg 300w, https:\/\/www.proyectohombreprovinciacadiz.org\/wp-content\/uploads\/2023\/06\/RRSS-IRPF-Andalucia-2023-768x512.jpg 768w, https:\/\/www.proyectohombreprovinciacadiz.org\/wp-content\/uploads\/2023\/06\/RRSS-IRPF-Andalucia-2023-1536x1024.jpg 1536w, https:\/\/www.proyectohombreprovinciacadiz.org\/wp-content\/uploads\/2023\/06\/RRSS-IRPF-Andalucia-2023-2048x1365.jpg 2048w\" sizes=\"(max-width: 1024px) 100vw, 1024px\" \/><\/figure>\n","protected":false},"excerpt":{"rendered":"<p>Durante la jornada del pasado d\u00eda 26 y de cara a la llegada de la \u00e9poca estival, se ha llevado a cabo un seminario sobre el ocio y el tiempo libre con los\/as usuarios\/as del programa. Dicho seminario tiene como objetivo la toma de conciencia y la b\u00fasqueda de actividades de ocio en la ciudad, &#8230; <a title=\"Seminario sobre el ocio y el tiempo libre\" class=\"read-more\" href=\"https:\/\/www.proyectohombreprovinciacadiz.org\/index.php\/2023\/07\/04\/seminario-sobre-el-ocio-y-el-tiempo-libre\/\" aria-label=\"M\u00e1s en Seminario sobre el ocio y el tiempo libre\">Leer m\u00e1s<\/a><\/p>\n","protected":false},"author":2,"featured_media":0,"comment_status":"closed","ping_status":"closed","sticky":false,"template":"","format":"standard","meta":{"footnotes":""},"categories":[1],"tags":[],"class_list":["post-2720","post","type-post","status-publish","format-standard","hentry","category-sin-categoria"],"_links":{"self":[{"href":"https:\/\/www.proyectohombreprovinciacadiz.org\/index.php\/wp-json\/wp\/v2\/posts\/2720","targetHints":{"allow":["GET"]}}],"collection":[{"href":"https:\/\/www.proyectohombreprovinciacadiz.org\/index.php\/wp-json\/wp\/v2\/posts"}],"about":[{"href":"https:\/\/www.proyectohombreprovinciacadiz.org\/index.php\/wp-json\/wp\/v2\/types\/post"}],"author":[{"embeddable":true,"href":"https:\/\/www.proyectohombreprovinciacadiz.org\/index.php\/wp-json\/wp\/v2\/users\/2"}],"replies":[{"embeddable":true,"href":"https:\/\/www.proyectohombreprovinciacadiz.org\/index.php\/wp-json\/wp\/v2\/comments?post=2720"}],"version-history":[{"count":1,"href":"https:\/\/www.proyectohombreprovinciacadiz.org\/index.php\/wp-json\/wp\/v2\/posts\/2720\/revisions"}],"predecessor-version":[{"id":2722,"href":"https:\/\/www.proyectohombreprovinciacadiz.org\/index.php\/wp-json\/wp\/v2\/posts\/2720\/revisions\/2722"}],"wp:attachment":[{"href":"https:\/\/www.proyectohombreprovinciacadiz.org\/index.php\/wp-json\/wp\/v2\/media?parent=2720"}],"wp:term":[{"taxonomy":"category","embeddable":true,"href":"https:\/\/www.proyectohombreprovinciacadiz.org\/index.php\/wp-json\/wp\/v2\/categories?post=2720"},{"taxonomy":"post_tag","embeddable":true,"href":"https:\/\/www.proyectohombreprovinciacadiz.org\/index.php\/wp-json\/wp\/v2\/tags?post=2720"}],"curies":[{"name":"wp","href":"https:\/\/api.w.org\/{rel}","templated":true}]}}