{"id":2725,"date":"2023-07-10T14:24:16","date_gmt":"2023-07-10T12:24:16","guid":{"rendered":"https:\/\/www.proyectohombreprovinciacadiz.org\/?p=2725"},"modified":"2023-07-10T14:24:17","modified_gmt":"2023-07-10T12:24:17","slug":"ponencia-en-el-curso-de-formacion-de-msc","status":"publish","type":"post","link":"https:\/\/www.proyectohombreprovinciacadiz.org\/index.php\/2023\/07\/10\/ponencia-en-el-curso-de-formacion-de-msc\/","title":{"rendered":"Ponencia en el curso de formaci\u00f3n de MSC"},"content":{"rendered":"\n<p>Con motivo del curso internacional de formador de formadores (ITT) organizado por la Escuela de formaci\u00f3n del Movimiento de Scouts Cat\u00f3licos MSC), el 8 de julio Luis Bononato imparti\u00f3 la ponencia \u00abC\u00f3mo introducir la prevenci\u00f3n y\/o detecci\u00f3n de adicciones a trav\u00e9s de los planes formativos\u00bb, acompa\u00f1ado por una chica y los padres de Proyecto Joven.<\/p>\n\n\n\n<p>Asistieron unas 20 personas de varias provincias de Espa\u00f1a.<\/p>\n\n\n\n<figure class=\"wp-block-image size-large\"><img fetchpriority=\"high\" decoding=\"async\" width=\"1024\" height=\"768\" src=\"https:\/\/www.proyectohombreprovinciacadiz.org\/wp-content\/uploads\/2023\/07\/SCOUTS.-MSC.8.07.23-pixelada-1024x768.jpg\" alt=\"\" class=\"wp-image-2726\" srcset=\"https:\/\/www.proyectohombreprovinciacadiz.org\/wp-content\/uploads\/2023\/07\/SCOUTS.-MSC.8.07.23-pixelada-1024x768.jpg 1024w, https:\/\/www.proyectohombreprovinciacadiz.org\/wp-content\/uploads\/2023\/07\/SCOUTS.-MSC.8.07.23-pixelada-300x225.jpg 300w, https:\/\/www.proyectohombreprovinciacadiz.org\/wp-content\/uploads\/2023\/07\/SCOUTS.-MSC.8.07.23-pixelada-768x576.jpg 768w, https:\/\/www.proyectohombreprovinciacadiz.org\/wp-content\/uploads\/2023\/07\/SCOUTS.-MSC.8.07.23-pixelada-1536x1152.jpg 1536w, https:\/\/www.proyectohombreprovinciacadiz.org\/wp-content\/uploads\/2023\/07\/SCOUTS.-MSC.8.07.23-pixelada.jpg 1600w\" sizes=\"(max-width: 1024px) 100vw, 1024px\" \/><\/figure>\n","protected":false},"excerpt":{"rendered":"<p>Con motivo del curso internacional de formador de formadores (ITT) organizado por la Escuela de formaci\u00f3n del Movimiento de Scouts Cat\u00f3licos MSC), el 8 de julio Luis Bononato imparti\u00f3 la ponencia \u00abC\u00f3mo introducir la prevenci\u00f3n y\/o detecci\u00f3n de adicciones a trav\u00e9s de los planes formativos\u00bb, acompa\u00f1ado por una chica y los padres de Proyecto Joven. &#8230; <a title=\"Ponencia en el curso de formaci\u00f3n de MSC\" class=\"read-more\" href=\"https:\/\/www.proyectohombreprovinciacadiz.org\/index.php\/2023\/07\/10\/ponencia-en-el-curso-de-formacion-de-msc\/\" aria-label=\"M\u00e1s en Ponencia en el curso de formaci\u00f3n de MSC\">Leer m\u00e1s<\/a><\/p>\n","protected":false},"author":2,"featured_media":0,"comment_status":"closed","ping_status":"closed","sticky":false,"template":"","format":"standard","meta":{"footnotes":""},"categories":[1],"tags":[],"class_list":["post-2725","post","type-post","status-publish","format-standard","hentry","category-sin-categoria"],"_links":{"self":[{"href":"https:\/\/www.proyectohombreprovinciacadiz.org\/index.php\/wp-json\/wp\/v2\/posts\/2725","targetHints":{"allow":["GET"]}}],"collection":[{"href":"https:\/\/www.proyectohombreprovinciacadiz.org\/index.php\/wp-json\/wp\/v2\/posts"}],"about":[{"href":"https:\/\/www.proyectohombreprovinciacadiz.org\/index.php\/wp-json\/wp\/v2\/types\/post"}],"author":[{"embeddable":true,"href":"https:\/\/www.proyectohombreprovinciacadiz.org\/index.php\/wp-json\/wp\/v2\/users\/2"}],"replies":[{"embeddable":true,"href":"https:\/\/www.proyectohombreprovinciacadiz.org\/index.php\/wp-json\/wp\/v2\/comments?post=2725"}],"version-history":[{"count":1,"href":"https:\/\/www.proyectohombreprovinciacadiz.org\/index.php\/wp-json\/wp\/v2\/posts\/2725\/revisions"}],"predecessor-version":[{"id":2727,"href":"https:\/\/www.proyectohombreprovinciacadiz.org\/index.php\/wp-json\/wp\/v2\/posts\/2725\/revisions\/2727"}],"wp:attachment":[{"href":"https:\/\/www.proyectohombreprovinciacadiz.org\/index.php\/wp-json\/wp\/v2\/media?parent=2725"}],"wp:term":[{"taxonomy":"category","embeddable":true,"href":"https:\/\/www.proyectohombreprovinciacadiz.org\/index.php\/wp-json\/wp\/v2\/categories?post=2725"},{"taxonomy":"post_tag","embeddable":true,"href":"https:\/\/www.proyectohombreprovinciacadiz.org\/index.php\/wp-json\/wp\/v2\/tags?post=2725"}],"curies":[{"name":"wp","href":"https:\/\/api.w.org\/{rel}","templated":true}]}}