{"id":2728,"date":"2023-07-10T14:30:42","date_gmt":"2023-07-10T12:30:42","guid":{"rendered":"https:\/\/www.proyectohombreprovinciacadiz.org\/?p=2728"},"modified":"2023-07-10T14:30:43","modified_gmt":"2023-07-10T12:30:43","slug":"taller-de-prevencion-de-recaidas-en-el-c-p-de-algeciras","status":"publish","type":"post","link":"https:\/\/www.proyectohombreprovinciacadiz.org\/index.php\/2023\/07\/10\/taller-de-prevencion-de-recaidas-en-el-c-p-de-algeciras\/","title":{"rendered":"Taller de prevenci\u00f3n de reca\u00eddas en el C.P. de Algeciras"},"content":{"rendered":"\n<p>Durante los d\u00edas 27, 28 y 29 de junio de 2023 se llev\u00f3 a cabo un taller de prevenci\u00f3n de reca\u00eddas dirigido a internos e internas del Centro Penitenciario de Algeciras \u201cBotafuegos\u201d impartido por Paloma Mateo, trabajadora de la entidad.<\/p>\n\n\n\n<p>En la actividad, que cont\u00f3 con una presentaci\u00f3n audiovisual, se explicaron y trabajaron distintos aspectos de las reca\u00eddas, como las situaciones de riesgo y de protecci\u00f3n, las herramientas y recursos para protegernos de una reca\u00edda, el proceso de las mismas, etc\u2026<\/p>\n\n\n\n<p>Tambi\u00e9n se visualizaron varios v\u00eddeos sobre esta tem\u00e1tica y se realiz\u00f3 un ejercicio personal para trabajar la aplicaci\u00f3n de la teor\u00eda aprendida y como ponerla en pr\u00e1ctica. Este trabajo se lleva a cabo dentro del \u201cProgramas de rehabilitaci\u00f3n de personas privadas de libertad con problemas de drogodependencia\u201d que se realiza en la prisi\u00f3n de Algeciras gracias al Ministerio de Derechos Sociales y Agenda 2030 con cargo a la asignaci\u00f3n tributaria del IRPF y del Impuesto sobre sociedades.<\/p>\n\n\n\n<figure class=\"wp-block-image size-large\"><img fetchpriority=\"high\" decoding=\"async\" width=\"1024\" height=\"808\" src=\"https:\/\/www.proyectohombreprovinciacadiz.org\/wp-content\/uploads\/2023\/06\/RRSS-IRPF-Estatal-1-1024x808.jpg\" alt=\"\" class=\"wp-image-2711\" srcset=\"https:\/\/www.proyectohombreprovinciacadiz.org\/wp-content\/uploads\/2023\/06\/RRSS-IRPF-Estatal-1-1024x808.jpg 1024w, https:\/\/www.proyectohombreprovinciacadiz.org\/wp-content\/uploads\/2023\/06\/RRSS-IRPF-Estatal-1-300x237.jpg 300w, https:\/\/www.proyectohombreprovinciacadiz.org\/wp-content\/uploads\/2023\/06\/RRSS-IRPF-Estatal-1-768x606.jpg 768w, https:\/\/www.proyectohombreprovinciacadiz.org\/wp-content\/uploads\/2023\/06\/RRSS-IRPF-Estatal-1.jpg 1193w\" sizes=\"(max-width: 1024px) 100vw, 1024px\" \/><\/figure>\n\n\n\n<figure class=\"wp-block-gallery has-nested-images columns-default is-cropped wp-block-gallery-1 is-layout-flex wp-block-gallery-is-layout-flex\">\n<figure class=\"wp-block-image size-large\"><img decoding=\"async\" width=\"1024\" height=\"614\" data-id=\"2730\" src=\"https:\/\/www.proyectohombreprovinciacadiz.org\/wp-content\/uploads\/2023\/07\/1-1024x614.jpg\" alt=\"\" class=\"wp-image-2730\" srcset=\"https:\/\/www.proyectohombreprovinciacadiz.org\/wp-content\/uploads\/2023\/07\/1-1024x614.jpg 1024w, https:\/\/www.proyectohombreprovinciacadiz.org\/wp-content\/uploads\/2023\/07\/1-300x180.jpg 300w, https:\/\/www.proyectohombreprovinciacadiz.org\/wp-content\/uploads\/2023\/07\/1-768x461.jpg 768w, https:\/\/www.proyectohombreprovinciacadiz.org\/wp-content\/uploads\/2023\/07\/1-1536x922.jpg 1536w, https:\/\/www.proyectohombreprovinciacadiz.org\/wp-content\/uploads\/2023\/07\/1-2048x1229.jpg 2048w\" sizes=\"(max-width: 1024px) 100vw, 1024px\" \/><\/figure>\n\n\n\n<figure class=\"wp-block-image size-large\"><img decoding=\"async\" width=\"614\" height=\"1024\" data-id=\"2729\" src=\"https:\/\/www.proyectohombreprovinciacadiz.org\/wp-content\/uploads\/2023\/07\/2-614x1024.jpg\" alt=\"\" class=\"wp-image-2729\" srcset=\"https:\/\/www.proyectohombreprovinciacadiz.org\/wp-content\/uploads\/2023\/07\/2-614x1024.jpg 614w, https:\/\/www.proyectohombreprovinciacadiz.org\/wp-content\/uploads\/2023\/07\/2-180x300.jpg 180w, https:\/\/www.proyectohombreprovinciacadiz.org\/wp-content\/uploads\/2023\/07\/2-768x1280.jpg 768w, https:\/\/www.proyectohombreprovinciacadiz.org\/wp-content\/uploads\/2023\/07\/2-922x1536.jpg 922w, https:\/\/www.proyectohombreprovinciacadiz.org\/wp-content\/uploads\/2023\/07\/2-1229x2048.jpg 1229w, https:\/\/www.proyectohombreprovinciacadiz.org\/wp-content\/uploads\/2023\/07\/2-scaled.jpg 1536w\" sizes=\"(max-width: 614px) 100vw, 614px\" \/><\/figure>\n\n\n\n<figure class=\"wp-block-image size-large\"><img loading=\"lazy\" decoding=\"async\" width=\"614\" height=\"1024\" data-id=\"2731\" src=\"https:\/\/www.proyectohombreprovinciacadiz.org\/wp-content\/uploads\/2023\/07\/3-614x1024.jpg\" alt=\"\" class=\"wp-image-2731\" srcset=\"https:\/\/www.proyectohombreprovinciacadiz.org\/wp-content\/uploads\/2023\/07\/3-614x1024.jpg 614w, https:\/\/www.proyectohombreprovinciacadiz.org\/wp-content\/uploads\/2023\/07\/3-180x300.jpg 180w, https:\/\/www.proyectohombreprovinciacadiz.org\/wp-content\/uploads\/2023\/07\/3-768x1280.jpg 768w, https:\/\/www.proyectohombreprovinciacadiz.org\/wp-content\/uploads\/2023\/07\/3-922x1536.jpg 922w, https:\/\/www.proyectohombreprovinciacadiz.org\/wp-content\/uploads\/2023\/07\/3-1229x2048.jpg 1229w, https:\/\/www.proyectohombreprovinciacadiz.org\/wp-content\/uploads\/2023\/07\/3-scaled.jpg 1536w\" sizes=\"(max-width: 614px) 100vw, 614px\" \/><\/figure>\n<\/figure>\n","protected":false},"excerpt":{"rendered":"<p>Durante los d\u00edas 27, 28 y 29 de junio de 2023 se llev\u00f3 a cabo un taller de prevenci\u00f3n de reca\u00eddas dirigido a internos e internas del Centro Penitenciario de Algeciras \u201cBotafuegos\u201d impartido por Paloma Mateo, trabajadora de la entidad. En la actividad, que cont\u00f3 con una presentaci\u00f3n audiovisual, se explicaron y trabajaron distintos aspectos &#8230; <a title=\"Taller de prevenci\u00f3n de reca\u00eddas en el C.P. de Algeciras\" class=\"read-more\" href=\"https:\/\/www.proyectohombreprovinciacadiz.org\/index.php\/2023\/07\/10\/taller-de-prevencion-de-recaidas-en-el-c-p-de-algeciras\/\" aria-label=\"M\u00e1s en Taller de prevenci\u00f3n de reca\u00eddas en el C.P. de Algeciras\">Leer m\u00e1s<\/a><\/p>\n","protected":false},"author":2,"featured_media":0,"comment_status":"closed","ping_status":"closed","sticky":false,"template":"","format":"standard","meta":{"footnotes":""},"categories":[1],"tags":[],"class_list":["post-2728","post","type-post","status-publish","format-standard","hentry","category-sin-categoria"],"_links":{"self":[{"href":"https:\/\/www.proyectohombreprovinciacadiz.org\/index.php\/wp-json\/wp\/v2\/posts\/2728","targetHints":{"allow":["GET"]}}],"collection":[{"href":"https:\/\/www.proyectohombreprovinciacadiz.org\/index.php\/wp-json\/wp\/v2\/posts"}],"about":[{"href":"https:\/\/www.proyectohombreprovinciacadiz.org\/index.php\/wp-json\/wp\/v2\/types\/post"}],"author":[{"embeddable":true,"href":"https:\/\/www.proyectohombreprovinciacadiz.org\/index.php\/wp-json\/wp\/v2\/users\/2"}],"replies":[{"embeddable":true,"href":"https:\/\/www.proyectohombreprovinciacadiz.org\/index.php\/wp-json\/wp\/v2\/comments?post=2728"}],"version-history":[{"count":1,"href":"https:\/\/www.proyectohombreprovinciacadiz.org\/index.php\/wp-json\/wp\/v2\/posts\/2728\/revisions"}],"predecessor-version":[{"id":2732,"href":"https:\/\/www.proyectohombreprovinciacadiz.org\/index.php\/wp-json\/wp\/v2\/posts\/2728\/revisions\/2732"}],"wp:attachment":[{"href":"https:\/\/www.proyectohombreprovinciacadiz.org\/index.php\/wp-json\/wp\/v2\/media?parent=2728"}],"wp:term":[{"taxonomy":"category","embeddable":true,"href":"https:\/\/www.proyectohombreprovinciacadiz.org\/index.php\/wp-json\/wp\/v2\/categories?post=2728"},{"taxonomy":"post_tag","embeddable":true,"href":"https:\/\/www.proyectohombreprovinciacadiz.org\/index.php\/wp-json\/wp\/v2\/tags?post=2728"}],"curies":[{"name":"wp","href":"https:\/\/api.w.org\/{rel}","templated":true}]}}