{"id":2733,"date":"2023-07-10T14:43:35","date_gmt":"2023-07-10T12:43:35","guid":{"rendered":"https:\/\/www.proyectohombreprovinciacadiz.org\/?p=2733"},"modified":"2023-07-10T14:43:36","modified_gmt":"2023-07-10T12:43:36","slug":"salida-ludica-al-sendero-punta-del-boqueron","status":"publish","type":"post","link":"https:\/\/www.proyectohombreprovinciacadiz.org\/index.php\/2023\/07\/10\/salida-ludica-al-sendero-punta-del-boqueron\/","title":{"rendered":"Salida l\u00fadica al sendero Punta del Boquer\u00f3n"},"content":{"rendered":"\n<p>El equipo del Centro de D\u00eda Bah\u00eda de C\u00e1diz, perteneciente a Proyecto Hombre provincia de C\u00e1diz, ha organizado una actividad l\u00fadica con un grupo de usuarios y usuarias de dicho centro, acompa\u00f1ados de sus familiares.<\/p>\n\n\n\n<p>La actividad consisti\u00f3 en hacer el sendero de la Punta del Boquer\u00f3n, en la playa de Camposoto, en San Fernando, finalizando con una comida en la playa. La jornada sirvi\u00f3 para cohesionar m\u00e1s a los integrantes de los grupos del Centro as\u00ed como para disfrutar de una ma\u00f1ana de convivencia, en una de las maravillosas playas con que cuenta nuestra provincia.<\/p>\n\n\n\n<figure class=\"wp-block-gallery has-nested-images columns-default is-cropped wp-block-gallery-1 is-layout-flex wp-block-gallery-is-layout-flex\">\n<figure class=\"wp-block-image size-large\"><img fetchpriority=\"high\" decoding=\"async\" width=\"1024\" height=\"768\" data-id=\"2735\" src=\"https:\/\/www.proyectohombreprovinciacadiz.org\/wp-content\/uploads\/2023\/07\/IMG-20230629-WA0022-1024x768.jpg\" alt=\"\" class=\"wp-image-2735\" srcset=\"https:\/\/www.proyectohombreprovinciacadiz.org\/wp-content\/uploads\/2023\/07\/IMG-20230629-WA0022-1024x768.jpg 1024w, https:\/\/www.proyectohombreprovinciacadiz.org\/wp-content\/uploads\/2023\/07\/IMG-20230629-WA0022-300x225.jpg 300w, https:\/\/www.proyectohombreprovinciacadiz.org\/wp-content\/uploads\/2023\/07\/IMG-20230629-WA0022-768x576.jpg 768w, https:\/\/www.proyectohombreprovinciacadiz.org\/wp-content\/uploads\/2023\/07\/IMG-20230629-WA0022-1536x1152.jpg 1536w, https:\/\/www.proyectohombreprovinciacadiz.org\/wp-content\/uploads\/2023\/07\/IMG-20230629-WA0022.jpg 1824w\" sizes=\"(max-width: 1024px) 100vw, 1024px\" \/><\/figure>\n\n\n\n<figure class=\"wp-block-image size-large\"><img decoding=\"async\" width=\"1024\" height=\"472\" data-id=\"2736\" src=\"https:\/\/www.proyectohombreprovinciacadiz.org\/wp-content\/uploads\/2023\/07\/IMG-20230703-WA0001-1024x472.jpg\" alt=\"\" class=\"wp-image-2736\" srcset=\"https:\/\/www.proyectohombreprovinciacadiz.org\/wp-content\/uploads\/2023\/07\/IMG-20230703-WA0001-1024x472.jpg 1024w, https:\/\/www.proyectohombreprovinciacadiz.org\/wp-content\/uploads\/2023\/07\/IMG-20230703-WA0001-300x138.jpg 300w, https:\/\/www.proyectohombreprovinciacadiz.org\/wp-content\/uploads\/2023\/07\/IMG-20230703-WA0001-768x354.jpg 768w, https:\/\/www.proyectohombreprovinciacadiz.org\/wp-content\/uploads\/2023\/07\/IMG-20230703-WA0001-1536x708.jpg 1536w, https:\/\/www.proyectohombreprovinciacadiz.org\/wp-content\/uploads\/2023\/07\/IMG-20230703-WA0001.jpg 1600w\" sizes=\"(max-width: 1024px) 100vw, 1024px\" \/><\/figure>\n\n\n\n<figure class=\"wp-block-image size-large\"><img decoding=\"async\" width=\"1024\" height=\"472\" data-id=\"2734\" src=\"https:\/\/www.proyectohombreprovinciacadiz.org\/wp-content\/uploads\/2023\/07\/IMG-20230703-WA0002-1024x472.jpg\" alt=\"\" class=\"wp-image-2734\" srcset=\"https:\/\/www.proyectohombreprovinciacadiz.org\/wp-content\/uploads\/2023\/07\/IMG-20230703-WA0002-1024x472.jpg 1024w, https:\/\/www.proyectohombreprovinciacadiz.org\/wp-content\/uploads\/2023\/07\/IMG-20230703-WA0002-300x138.jpg 300w, https:\/\/www.proyectohombreprovinciacadiz.org\/wp-content\/uploads\/2023\/07\/IMG-20230703-WA0002-768x354.jpg 768w, https:\/\/www.proyectohombreprovinciacadiz.org\/wp-content\/uploads\/2023\/07\/IMG-20230703-WA0002-1536x708.jpg 1536w, https:\/\/www.proyectohombreprovinciacadiz.org\/wp-content\/uploads\/2023\/07\/IMG-20230703-WA0002.jpg 1600w\" sizes=\"(max-width: 1024px) 100vw, 1024px\" \/><\/figure>\n<\/figure>\n","protected":false},"excerpt":{"rendered":"<p>El equipo del Centro de D\u00eda Bah\u00eda de C\u00e1diz, perteneciente a Proyecto Hombre provincia de C\u00e1diz, ha organizado una actividad l\u00fadica con un grupo de usuarios y usuarias de dicho centro, acompa\u00f1ados de sus familiares. La actividad consisti\u00f3 en hacer el sendero de la Punta del Boquer\u00f3n, en la playa de Camposoto, en San Fernando, &#8230; <a title=\"Salida l\u00fadica al sendero Punta del Boquer\u00f3n\" class=\"read-more\" href=\"https:\/\/www.proyectohombreprovinciacadiz.org\/index.php\/2023\/07\/10\/salida-ludica-al-sendero-punta-del-boqueron\/\" aria-label=\"M\u00e1s en Salida l\u00fadica al sendero Punta del Boquer\u00f3n\">Leer m\u00e1s<\/a><\/p>\n","protected":false},"author":2,"featured_media":0,"comment_status":"closed","ping_status":"closed","sticky":false,"template":"","format":"standard","meta":{"footnotes":""},"categories":[1],"tags":[],"class_list":["post-2733","post","type-post","status-publish","format-standard","hentry","category-sin-categoria"],"_links":{"self":[{"href":"https:\/\/www.proyectohombreprovinciacadiz.org\/index.php\/wp-json\/wp\/v2\/posts\/2733","targetHints":{"allow":["GET"]}}],"collection":[{"href":"https:\/\/www.proyectohombreprovinciacadiz.org\/index.php\/wp-json\/wp\/v2\/posts"}],"about":[{"href":"https:\/\/www.proyectohombreprovinciacadiz.org\/index.php\/wp-json\/wp\/v2\/types\/post"}],"author":[{"embeddable":true,"href":"https:\/\/www.proyectohombreprovinciacadiz.org\/index.php\/wp-json\/wp\/v2\/users\/2"}],"replies":[{"embeddable":true,"href":"https:\/\/www.proyectohombreprovinciacadiz.org\/index.php\/wp-json\/wp\/v2\/comments?post=2733"}],"version-history":[{"count":1,"href":"https:\/\/www.proyectohombreprovinciacadiz.org\/index.php\/wp-json\/wp\/v2\/posts\/2733\/revisions"}],"predecessor-version":[{"id":2737,"href":"https:\/\/www.proyectohombreprovinciacadiz.org\/index.php\/wp-json\/wp\/v2\/posts\/2733\/revisions\/2737"}],"wp:attachment":[{"href":"https:\/\/www.proyectohombreprovinciacadiz.org\/index.php\/wp-json\/wp\/v2\/media?parent=2733"}],"wp:term":[{"taxonomy":"category","embeddable":true,"href":"https:\/\/www.proyectohombreprovinciacadiz.org\/index.php\/wp-json\/wp\/v2\/categories?post=2733"},{"taxonomy":"post_tag","embeddable":true,"href":"https:\/\/www.proyectohombreprovinciacadiz.org\/index.php\/wp-json\/wp\/v2\/tags?post=2733"}],"curies":[{"name":"wp","href":"https:\/\/api.w.org\/{rel}","templated":true}]}}