{"id":2738,"date":"2023-07-10T14:48:33","date_gmt":"2023-07-10T12:48:33","guid":{"rendered":"https:\/\/www.proyectohombreprovinciacadiz.org\/?p=2738"},"modified":"2023-07-10T14:48:34","modified_gmt":"2023-07-10T12:48:34","slug":"atencion-seguimiento-y-acompanamiento-a-la-poblacion-reclusa","status":"publish","type":"post","link":"https:\/\/www.proyectohombreprovinciacadiz.org\/index.php\/2023\/07\/10\/atencion-seguimiento-y-acompanamiento-a-la-poblacion-reclusa\/","title":{"rendered":"Atenci\u00f3n, seguimiento y acompa\u00f1amiento a la poblaci\u00f3n reclusa"},"content":{"rendered":"\n<p>En nuestra sede social, sita en la calle Corredera, en Jerez, se atiende a usuarios\/as del Programa de Prisi\u00f3n, que disfrutan de permisos ordinarios de salida, y a sus familias, con el objetivo de acompa\u00f1ar y revisar dificultades, factores de protecci\u00f3n y de riesgo, ocupaci\u00f3n del tiempo libre, retomar el encuentro con la familia, etc. Hasta el mes de junio se han atendido a 22 personas que disfrutan de permisos ordinarios de salida y a sus familias.<\/p>\n\n\n\n<p>Esta actividad pertenece al Programa para la inclusi\u00f3n social, solidaridad y atenci\u00f3n a personas con problemas de adicciones y con situaci\u00f3n jur\u00eddico-penitenciar y a sus familias en Jerez de la frontera\u201d. Este programa se lleva a cabo en colaboraci\u00f3n con el Ayuntamiento de Jerez.<\/p>\n\n\n\n<figure class=\"wp-block-image size-large\"><img fetchpriority=\"high\" decoding=\"async\" width=\"768\" height=\"1024\" src=\"https:\/\/www.proyectohombreprovinciacadiz.org\/wp-content\/uploads\/2023\/07\/IMG-20230629-WA0000-1-768x1024.jpg\" alt=\"\" class=\"wp-image-2739\" srcset=\"https:\/\/www.proyectohombreprovinciacadiz.org\/wp-content\/uploads\/2023\/07\/IMG-20230629-WA0000-1-768x1024.jpg 768w, https:\/\/www.proyectohombreprovinciacadiz.org\/wp-content\/uploads\/2023\/07\/IMG-20230629-WA0000-1-225x300.jpg 225w, https:\/\/www.proyectohombreprovinciacadiz.org\/wp-content\/uploads\/2023\/07\/IMG-20230629-WA0000-1-1152x1536.jpg 1152w, https:\/\/www.proyectohombreprovinciacadiz.org\/wp-content\/uploads\/2023\/07\/IMG-20230629-WA0000-1.jpg 1200w\" sizes=\"(max-width: 768px) 100vw, 768px\" \/><\/figure>\n\n\n\n<figure class=\"wp-block-image size-large\"><img decoding=\"async\" width=\"1024\" height=\"426\" src=\"https:\/\/www.proyectohombreprovinciacadiz.org\/wp-content\/uploads\/2022\/07\/Ayuntamiento-de-Jerez-1024x426.jpg\" alt=\"\" class=\"wp-image-2297\" srcset=\"https:\/\/www.proyectohombreprovinciacadiz.org\/wp-content\/uploads\/2022\/07\/Ayuntamiento-de-Jerez-1024x426.jpg 1024w, https:\/\/www.proyectohombreprovinciacadiz.org\/wp-content\/uploads\/2022\/07\/Ayuntamiento-de-Jerez-300x125.jpg 300w, https:\/\/www.proyectohombreprovinciacadiz.org\/wp-content\/uploads\/2022\/07\/Ayuntamiento-de-Jerez-768x320.jpg 768w, https:\/\/www.proyectohombreprovinciacadiz.org\/wp-content\/uploads\/2022\/07\/Ayuntamiento-de-Jerez-1536x639.jpg 1536w, https:\/\/www.proyectohombreprovinciacadiz.org\/wp-content\/uploads\/2022\/07\/Ayuntamiento-de-Jerez.jpg 1600w\" sizes=\"(max-width: 1024px) 100vw, 1024px\" \/><\/figure>\n","protected":false},"excerpt":{"rendered":"<p>En nuestra sede social, sita en la calle Corredera, en Jerez, se atiende a usuarios\/as del Programa de Prisi\u00f3n, que disfrutan de permisos ordinarios de salida, y a sus familias, con el objetivo de acompa\u00f1ar y revisar dificultades, factores de protecci\u00f3n y de riesgo, ocupaci\u00f3n del tiempo libre, retomar el encuentro con la familia, etc. &#8230; <a title=\"Atenci\u00f3n, seguimiento y acompa\u00f1amiento a la poblaci\u00f3n reclusa\" class=\"read-more\" href=\"https:\/\/www.proyectohombreprovinciacadiz.org\/index.php\/2023\/07\/10\/atencion-seguimiento-y-acompanamiento-a-la-poblacion-reclusa\/\" aria-label=\"M\u00e1s en Atenci\u00f3n, seguimiento y acompa\u00f1amiento a la poblaci\u00f3n reclusa\">Leer m\u00e1s<\/a><\/p>\n","protected":false},"author":2,"featured_media":0,"comment_status":"closed","ping_status":"closed","sticky":false,"template":"","format":"standard","meta":{"footnotes":""},"categories":[1],"tags":[],"class_list":["post-2738","post","type-post","status-publish","format-standard","hentry","category-sin-categoria"],"_links":{"self":[{"href":"https:\/\/www.proyectohombreprovinciacadiz.org\/index.php\/wp-json\/wp\/v2\/posts\/2738","targetHints":{"allow":["GET"]}}],"collection":[{"href":"https:\/\/www.proyectohombreprovinciacadiz.org\/index.php\/wp-json\/wp\/v2\/posts"}],"about":[{"href":"https:\/\/www.proyectohombreprovinciacadiz.org\/index.php\/wp-json\/wp\/v2\/types\/post"}],"author":[{"embeddable":true,"href":"https:\/\/www.proyectohombreprovinciacadiz.org\/index.php\/wp-json\/wp\/v2\/users\/2"}],"replies":[{"embeddable":true,"href":"https:\/\/www.proyectohombreprovinciacadiz.org\/index.php\/wp-json\/wp\/v2\/comments?post=2738"}],"version-history":[{"count":1,"href":"https:\/\/www.proyectohombreprovinciacadiz.org\/index.php\/wp-json\/wp\/v2\/posts\/2738\/revisions"}],"predecessor-version":[{"id":2740,"href":"https:\/\/www.proyectohombreprovinciacadiz.org\/index.php\/wp-json\/wp\/v2\/posts\/2738\/revisions\/2740"}],"wp:attachment":[{"href":"https:\/\/www.proyectohombreprovinciacadiz.org\/index.php\/wp-json\/wp\/v2\/media?parent=2738"}],"wp:term":[{"taxonomy":"category","embeddable":true,"href":"https:\/\/www.proyectohombreprovinciacadiz.org\/index.php\/wp-json\/wp\/v2\/categories?post=2738"},{"taxonomy":"post_tag","embeddable":true,"href":"https:\/\/www.proyectohombreprovinciacadiz.org\/index.php\/wp-json\/wp\/v2\/tags?post=2738"}],"curies":[{"name":"wp","href":"https:\/\/api.w.org\/{rel}","templated":true}]}}