{"id":2741,"date":"2023-07-10T15:05:43","date_gmt":"2023-07-10T13:05:43","guid":{"rendered":"https:\/\/www.proyectohombreprovinciacadiz.org\/?p=2741"},"modified":"2023-07-10T15:05:44","modified_gmt":"2023-07-10T13:05:44","slug":"atencion-individualizada-en-c-p-puerto-ii-y-puerto-iii","status":"publish","type":"post","link":"https:\/\/www.proyectohombreprovinciacadiz.org\/index.php\/2023\/07\/10\/atencion-individualizada-en-c-p-puerto-ii-y-puerto-iii\/","title":{"rendered":"Atenci\u00f3n\u00a0 individualizada en C.P. Puerto II y Puerto III"},"content":{"rendered":"\n<p>Como cada mes, desde el Programa de Prisi\u00f3n, seguimos atendiendo de forma grupal a internos e internas de diferentes m\u00f3dulos del Centro Penitenciario de Puerto II y Puerto III. Adem\u00e1s de trabajar de forma grupal tambi\u00e9n ofrecemos atenci\u00f3n individualizada para el asesoramiento y el refuerzo de lo aprendido en habilidades sociales, resoluci\u00f3n de los conflictos y otras competencias necesarias para desenvolverse de una forma asertiva y adaptativa el entorno penitenciario.<\/p>\n\n\n\n<p>En estas atenciones individualizadas se procura ofrecer un espacio de seguridad y confianza, que favorezca la comunicaci\u00f3n y el trabajo en mayor profundidad, se\u00f1alando las dificultades y debilidades para convertirlas en objetivos de trabajo y reforzando los aspectos positivos, los avances y fortalezas que presenta el\/la interno\/a.<\/p>\n\n\n\n<p>Esta actividad forma parte del \u201cPrograma de desarrollo personal: competencias y habilidades sociales con poblaci\u00f3n reclusa\u201d que se lleva a cabo gracias a la subvenci\u00f3n de la Consejer\u00eda de Inclusi\u00f3n, juventud, familia e Igualdad, de la Junta de Andaluc\u00eda, por la asignaci\u00f3n tributaria del 0,7% del IRPF para entidades privadas de inter\u00e9s general.\u00a0\u00a0<\/p>\n\n\n\n<figure class=\"wp-block-image size-large\"><img fetchpriority=\"high\" decoding=\"async\" width=\"614\" height=\"1024\" src=\"https:\/\/www.proyectohombreprovinciacadiz.org\/wp-content\/uploads\/2023\/07\/FOTOS-ENTREVISTA-INDIVIDUAL-614x1024.jpg\" alt=\"\" class=\"wp-image-2742\" srcset=\"https:\/\/www.proyectohombreprovinciacadiz.org\/wp-content\/uploads\/2023\/07\/FOTOS-ENTREVISTA-INDIVIDUAL-614x1024.jpg 614w, https:\/\/www.proyectohombreprovinciacadiz.org\/wp-content\/uploads\/2023\/07\/FOTOS-ENTREVISTA-INDIVIDUAL-180x300.jpg 180w, https:\/\/www.proyectohombreprovinciacadiz.org\/wp-content\/uploads\/2023\/07\/FOTOS-ENTREVISTA-INDIVIDUAL-768x1280.jpg 768w, https:\/\/www.proyectohombreprovinciacadiz.org\/wp-content\/uploads\/2023\/07\/FOTOS-ENTREVISTA-INDIVIDUAL-922x1536.jpg 922w, https:\/\/www.proyectohombreprovinciacadiz.org\/wp-content\/uploads\/2023\/07\/FOTOS-ENTREVISTA-INDIVIDUAL-1229x2048.jpg 1229w, https:\/\/www.proyectohombreprovinciacadiz.org\/wp-content\/uploads\/2023\/07\/FOTOS-ENTREVISTA-INDIVIDUAL-scaled.jpg 1536w\" sizes=\"(max-width: 614px) 100vw, 614px\" \/><\/figure>\n\n\n\n<figure class=\"wp-block-image size-large\"><img decoding=\"async\" width=\"1024\" height=\"683\" src=\"https:\/\/www.proyectohombreprovinciacadiz.org\/wp-content\/uploads\/2023\/07\/RRSS-IRPF-Andalucia-2023-1024x683.jpg\" alt=\"\" class=\"wp-image-2743\" srcset=\"https:\/\/www.proyectohombreprovinciacadiz.org\/wp-content\/uploads\/2023\/07\/RRSS-IRPF-Andalucia-2023-1024x683.jpg 1024w, https:\/\/www.proyectohombreprovinciacadiz.org\/wp-content\/uploads\/2023\/07\/RRSS-IRPF-Andalucia-2023-300x200.jpg 300w, https:\/\/www.proyectohombreprovinciacadiz.org\/wp-content\/uploads\/2023\/07\/RRSS-IRPF-Andalucia-2023-768x512.jpg 768w, https:\/\/www.proyectohombreprovinciacadiz.org\/wp-content\/uploads\/2023\/07\/RRSS-IRPF-Andalucia-2023-1536x1024.jpg 1536w, https:\/\/www.proyectohombreprovinciacadiz.org\/wp-content\/uploads\/2023\/07\/RRSS-IRPF-Andalucia-2023-2048x1365.jpg 2048w\" sizes=\"(max-width: 1024px) 100vw, 1024px\" \/><\/figure>\n","protected":false},"excerpt":{"rendered":"<p>Como cada mes, desde el Programa de Prisi\u00f3n, seguimos atendiendo de forma grupal a internos e internas de diferentes m\u00f3dulos del Centro Penitenciario de Puerto II y Puerto III. Adem\u00e1s de trabajar de forma grupal tambi\u00e9n ofrecemos atenci\u00f3n individualizada para el asesoramiento y el refuerzo de lo aprendido en habilidades sociales, resoluci\u00f3n de los conflictos &#8230; <a title=\"Atenci\u00f3n\u00a0 individualizada en C.P. Puerto II y Puerto III\" class=\"read-more\" href=\"https:\/\/www.proyectohombreprovinciacadiz.org\/index.php\/2023\/07\/10\/atencion-individualizada-en-c-p-puerto-ii-y-puerto-iii\/\" aria-label=\"M\u00e1s en Atenci\u00f3n\u00a0 individualizada en C.P. Puerto II y Puerto III\">Leer m\u00e1s<\/a><\/p>\n","protected":false},"author":2,"featured_media":0,"comment_status":"closed","ping_status":"closed","sticky":false,"template":"","format":"standard","meta":{"footnotes":""},"categories":[1],"tags":[],"class_list":["post-2741","post","type-post","status-publish","format-standard","hentry","category-sin-categoria"],"_links":{"self":[{"href":"https:\/\/www.proyectohombreprovinciacadiz.org\/index.php\/wp-json\/wp\/v2\/posts\/2741","targetHints":{"allow":["GET"]}}],"collection":[{"href":"https:\/\/www.proyectohombreprovinciacadiz.org\/index.php\/wp-json\/wp\/v2\/posts"}],"about":[{"href":"https:\/\/www.proyectohombreprovinciacadiz.org\/index.php\/wp-json\/wp\/v2\/types\/post"}],"author":[{"embeddable":true,"href":"https:\/\/www.proyectohombreprovinciacadiz.org\/index.php\/wp-json\/wp\/v2\/users\/2"}],"replies":[{"embeddable":true,"href":"https:\/\/www.proyectohombreprovinciacadiz.org\/index.php\/wp-json\/wp\/v2\/comments?post=2741"}],"version-history":[{"count":1,"href":"https:\/\/www.proyectohombreprovinciacadiz.org\/index.php\/wp-json\/wp\/v2\/posts\/2741\/revisions"}],"predecessor-version":[{"id":2744,"href":"https:\/\/www.proyectohombreprovinciacadiz.org\/index.php\/wp-json\/wp\/v2\/posts\/2741\/revisions\/2744"}],"wp:attachment":[{"href":"https:\/\/www.proyectohombreprovinciacadiz.org\/index.php\/wp-json\/wp\/v2\/media?parent=2741"}],"wp:term":[{"taxonomy":"category","embeddable":true,"href":"https:\/\/www.proyectohombreprovinciacadiz.org\/index.php\/wp-json\/wp\/v2\/categories?post=2741"},{"taxonomy":"post_tag","embeddable":true,"href":"https:\/\/www.proyectohombreprovinciacadiz.org\/index.php\/wp-json\/wp\/v2\/tags?post=2741"}],"curies":[{"name":"wp","href":"https:\/\/api.w.org\/{rel}","templated":true}]}}