{"id":2797,"date":"2023-07-17T08:10:36","date_gmt":"2023-07-17T06:10:36","guid":{"rendered":"https:\/\/www.proyectohombreprovinciacadiz.org\/?p=2797"},"modified":"2023-07-17T08:10:36","modified_gmt":"2023-07-17T06:10:36","slug":"convivencia-terapeutica-la-familia","status":"publish","type":"post","link":"https:\/\/www.proyectohombreprovinciacadiz.org\/index.php\/2023\/07\/17\/convivencia-terapeutica-la-familia\/","title":{"rendered":"Convivencia terap\u00e9utica \u201cla familia\u201d"},"content":{"rendered":"\n<p>El Equipo del programa de Apoyo a las Adicciones de Proyecto Hombre Provincia de C\u00e1diz, organiz\u00f3 a finales del mes de junio una convivencia terap\u00e9utica en el Santuario de Regla de Chipiona.<\/p>\n\n\n\n<p>A dicha actividad asistieron los usuarios y usuarias del programa para trabajar y profundizar en la tem\u00e1tica de la familia mediante din\u00e1micas y actividades.<\/p>\n\n\n\n<p>La jornada sirvi\u00f3 adem\u00e1s para compartir un espacio de cohesi\u00f3n y encuentro entre terapeutas, voluntarios\/as y usuarios\/as.<\/p>\n\n\n\n<p>Esta actividad pertenece al \u201cPrograma Concilia. Apoyo a personas consumidoras de psicoestimulantes y de alcohol\u201d en colaboraci\u00f3n con la Consejer\u00eda de Inclusi\u00f3n, juventud, familia e Igualdad, de la Junta de Andaluc\u00eda, por la asignaci\u00f3n tributaria del 0,7% del IRPF para entidades privadas de inter\u00e9s general.<\/p>\n\n\n\n<figure class=\"wp-block-gallery has-nested-images columns-default is-cropped wp-block-gallery-1 is-layout-flex wp-block-gallery-is-layout-flex\">\n<figure class=\"wp-block-image size-large\"><img fetchpriority=\"high\" decoding=\"async\" width=\"1024\" height=\"768\" data-id=\"2798\" src=\"https:\/\/www.proyectohombreprovinciacadiz.org\/wp-content\/uploads\/2023\/07\/Imagen-de-WhatsApp-2023-07-13-a-las-19.18.10-1024x768.jpg\" alt=\"\" class=\"wp-image-2798\" srcset=\"https:\/\/www.proyectohombreprovinciacadiz.org\/wp-content\/uploads\/2023\/07\/Imagen-de-WhatsApp-2023-07-13-a-las-19.18.10-1024x768.jpg 1024w, https:\/\/www.proyectohombreprovinciacadiz.org\/wp-content\/uploads\/2023\/07\/Imagen-de-WhatsApp-2023-07-13-a-las-19.18.10-300x225.jpg 300w, https:\/\/www.proyectohombreprovinciacadiz.org\/wp-content\/uploads\/2023\/07\/Imagen-de-WhatsApp-2023-07-13-a-las-19.18.10-768x576.jpg 768w, https:\/\/www.proyectohombreprovinciacadiz.org\/wp-content\/uploads\/2023\/07\/Imagen-de-WhatsApp-2023-07-13-a-las-19.18.10-1536x1152.jpg 1536w, https:\/\/www.proyectohombreprovinciacadiz.org\/wp-content\/uploads\/2023\/07\/Imagen-de-WhatsApp-2023-07-13-a-las-19.18.10.jpg 1600w\" sizes=\"(max-width: 1024px) 100vw, 1024px\" \/><\/figure>\n\n\n\n<figure class=\"wp-block-image size-large\"><img decoding=\"async\" width=\"1024\" height=\"768\" data-id=\"2800\" src=\"https:\/\/www.proyectohombreprovinciacadiz.org\/wp-content\/uploads\/2023\/07\/Imagen-de-WhatsApp-2023-07-13-a-las-19.20.23-1024x768.jpg\" alt=\"\" class=\"wp-image-2800\" srcset=\"https:\/\/www.proyectohombreprovinciacadiz.org\/wp-content\/uploads\/2023\/07\/Imagen-de-WhatsApp-2023-07-13-a-las-19.20.23-1024x768.jpg 1024w, https:\/\/www.proyectohombreprovinciacadiz.org\/wp-content\/uploads\/2023\/07\/Imagen-de-WhatsApp-2023-07-13-a-las-19.20.23-300x225.jpg 300w, https:\/\/www.proyectohombreprovinciacadiz.org\/wp-content\/uploads\/2023\/07\/Imagen-de-WhatsApp-2023-07-13-a-las-19.20.23-768x576.jpg 768w, https:\/\/www.proyectohombreprovinciacadiz.org\/wp-content\/uploads\/2023\/07\/Imagen-de-WhatsApp-2023-07-13-a-las-19.20.23-1536x1152.jpg 1536w, https:\/\/www.proyectohombreprovinciacadiz.org\/wp-content\/uploads\/2023\/07\/Imagen-de-WhatsApp-2023-07-13-a-las-19.20.23.jpg 1600w\" sizes=\"(max-width: 1024px) 100vw, 1024px\" \/><\/figure>\n\n\n\n<figure class=\"wp-block-image size-large\"><img decoding=\"async\" width=\"1024\" height=\"768\" data-id=\"2799\" src=\"https:\/\/www.proyectohombreprovinciacadiz.org\/wp-content\/uploads\/2023\/07\/Imagen-de-WhatsApp-2023-07-13-a-las-19.22.42-1024x768.jpg\" alt=\"\" class=\"wp-image-2799\" srcset=\"https:\/\/www.proyectohombreprovinciacadiz.org\/wp-content\/uploads\/2023\/07\/Imagen-de-WhatsApp-2023-07-13-a-las-19.22.42-1024x768.jpg 1024w, https:\/\/www.proyectohombreprovinciacadiz.org\/wp-content\/uploads\/2023\/07\/Imagen-de-WhatsApp-2023-07-13-a-las-19.22.42-300x225.jpg 300w, https:\/\/www.proyectohombreprovinciacadiz.org\/wp-content\/uploads\/2023\/07\/Imagen-de-WhatsApp-2023-07-13-a-las-19.22.42-768x576.jpg 768w, https:\/\/www.proyectohombreprovinciacadiz.org\/wp-content\/uploads\/2023\/07\/Imagen-de-WhatsApp-2023-07-13-a-las-19.22.42-1536x1152.jpg 1536w, https:\/\/www.proyectohombreprovinciacadiz.org\/wp-content\/uploads\/2023\/07\/Imagen-de-WhatsApp-2023-07-13-a-las-19.22.42.jpg 1600w\" sizes=\"(max-width: 1024px) 100vw, 1024px\" \/><\/figure>\n<\/figure>\n\n\n\n<figure class=\"wp-block-image size-large\"><img loading=\"lazy\" decoding=\"async\" width=\"1024\" height=\"771\" src=\"https:\/\/www.proyectohombreprovinciacadiz.org\/wp-content\/uploads\/2023\/07\/Consejeria-de-Inclusion-Social-2-1024x771.png\" alt=\"\" class=\"wp-image-2774\" srcset=\"https:\/\/www.proyectohombreprovinciacadiz.org\/wp-content\/uploads\/2023\/07\/Consejeria-de-Inclusion-Social-2-1024x771.png 1024w, https:\/\/www.proyectohombreprovinciacadiz.org\/wp-content\/uploads\/2023\/07\/Consejeria-de-Inclusion-Social-2-300x226.png 300w, https:\/\/www.proyectohombreprovinciacadiz.org\/wp-content\/uploads\/2023\/07\/Consejeria-de-Inclusion-Social-2-768x579.png 768w, https:\/\/www.proyectohombreprovinciacadiz.org\/wp-content\/uploads\/2023\/07\/Consejeria-de-Inclusion-Social-2.png 1192w\" sizes=\"(max-width: 1024px) 100vw, 1024px\" \/><\/figure>\n","protected":false},"excerpt":{"rendered":"<p>El Equipo del programa de Apoyo a las Adicciones de Proyecto Hombre Provincia de C\u00e1diz, organiz\u00f3 a finales del mes de junio una convivencia terap\u00e9utica en el Santuario de Regla de Chipiona. A dicha actividad asistieron los usuarios y usuarias del programa para trabajar y profundizar en la tem\u00e1tica de la familia mediante din\u00e1micas y &#8230; <a title=\"Convivencia terap\u00e9utica \u201cla familia\u201d\" class=\"read-more\" href=\"https:\/\/www.proyectohombreprovinciacadiz.org\/index.php\/2023\/07\/17\/convivencia-terapeutica-la-familia\/\" aria-label=\"M\u00e1s en Convivencia terap\u00e9utica \u201cla familia\u201d\">Leer m\u00e1s<\/a><\/p>\n","protected":false},"author":2,"featured_media":0,"comment_status":"closed","ping_status":"closed","sticky":false,"template":"","format":"standard","meta":{"footnotes":""},"categories":[1],"tags":[],"class_list":["post-2797","post","type-post","status-publish","format-standard","hentry","category-sin-categoria"],"_links":{"self":[{"href":"https:\/\/www.proyectohombreprovinciacadiz.org\/index.php\/wp-json\/wp\/v2\/posts\/2797","targetHints":{"allow":["GET"]}}],"collection":[{"href":"https:\/\/www.proyectohombreprovinciacadiz.org\/index.php\/wp-json\/wp\/v2\/posts"}],"about":[{"href":"https:\/\/www.proyectohombreprovinciacadiz.org\/index.php\/wp-json\/wp\/v2\/types\/post"}],"author":[{"embeddable":true,"href":"https:\/\/www.proyectohombreprovinciacadiz.org\/index.php\/wp-json\/wp\/v2\/users\/2"}],"replies":[{"embeddable":true,"href":"https:\/\/www.proyectohombreprovinciacadiz.org\/index.php\/wp-json\/wp\/v2\/comments?post=2797"}],"version-history":[{"count":1,"href":"https:\/\/www.proyectohombreprovinciacadiz.org\/index.php\/wp-json\/wp\/v2\/posts\/2797\/revisions"}],"predecessor-version":[{"id":2801,"href":"https:\/\/www.proyectohombreprovinciacadiz.org\/index.php\/wp-json\/wp\/v2\/posts\/2797\/revisions\/2801"}],"wp:attachment":[{"href":"https:\/\/www.proyectohombreprovinciacadiz.org\/index.php\/wp-json\/wp\/v2\/media?parent=2797"}],"wp:term":[{"taxonomy":"category","embeddable":true,"href":"https:\/\/www.proyectohombreprovinciacadiz.org\/index.php\/wp-json\/wp\/v2\/categories?post=2797"},{"taxonomy":"post_tag","embeddable":true,"href":"https:\/\/www.proyectohombreprovinciacadiz.org\/index.php\/wp-json\/wp\/v2\/tags?post=2797"}],"curies":[{"name":"wp","href":"https:\/\/api.w.org\/{rel}","templated":true}]}}