{"id":2803,"date":"2023-07-19T09:59:54","date_gmt":"2023-07-19T07:59:54","guid":{"rendered":"https:\/\/www.proyectohombreprovinciacadiz.org\/?p=2803"},"modified":"2023-07-19T09:59:54","modified_gmt":"2023-07-19T07:59:54","slug":"ayuda-de-la-fundacion-octavio-comes","status":"publish","type":"post","link":"https:\/\/www.proyectohombreprovinciacadiz.org\/index.php\/2023\/07\/19\/ayuda-de-la-fundacion-octavio-comes\/","title":{"rendered":"Ayuda de la Fundaci\u00f3n Octavio Comes"},"content":{"rendered":"\n<p>Despu\u00e9s de la reuni\u00f3n mantenida con Fernando Casado V\u00e1zquez, secretario de la Fundaci\u00f3n Octavio Comes, el Patronato de la Fundaci\u00f3n ha aprobado una ayuda para la nueva sede.<\/p>\n\n\n\n<p>Muy pronto ser\u00e1 una realidad atender a tantas personas en estas nuevas instalaciones y gracias, en gran parte, a colaboraciones como \u00e9sta de la Fundaci\u00f3n Octavio Comes, a la que agradecemos su importante aportaci\u00f3n.<\/p>\n\n\n\n<figure class=\"wp-block-image size-large\"><img fetchpriority=\"high\" decoding=\"async\" width=\"768\" height=\"1024\" src=\"https:\/\/www.proyectohombreprovinciacadiz.org\/wp-content\/uploads\/2023\/07\/Fundacion-Octavio-Comes.250423-768x1024.jpg\" alt=\"\" class=\"wp-image-2804\" srcset=\"https:\/\/www.proyectohombreprovinciacadiz.org\/wp-content\/uploads\/2023\/07\/Fundacion-Octavio-Comes.250423-768x1024.jpg 768w, https:\/\/www.proyectohombreprovinciacadiz.org\/wp-content\/uploads\/2023\/07\/Fundacion-Octavio-Comes.250423-225x300.jpg 225w, https:\/\/www.proyectohombreprovinciacadiz.org\/wp-content\/uploads\/2023\/07\/Fundacion-Octavio-Comes.250423-1152x1536.jpg 1152w, https:\/\/www.proyectohombreprovinciacadiz.org\/wp-content\/uploads\/2023\/07\/Fundacion-Octavio-Comes.250423-1536x2048.jpg 1536w, https:\/\/www.proyectohombreprovinciacadiz.org\/wp-content\/uploads\/2023\/07\/Fundacion-Octavio-Comes.250423-scaled.jpg 1920w\" sizes=\"(max-width: 768px) 100vw, 768px\" \/><\/figure>\n\n\n\n<figure class=\"wp-block-image size-full\"><img decoding=\"async\" width=\"632\" height=\"116\" src=\"https:\/\/www.proyectohombreprovinciacadiz.org\/wp-content\/uploads\/2023\/07\/Fundacion-Octavio-Comes.jpg\" alt=\"\" class=\"wp-image-2805\" srcset=\"https:\/\/www.proyectohombreprovinciacadiz.org\/wp-content\/uploads\/2023\/07\/Fundacion-Octavio-Comes.jpg 632w, https:\/\/www.proyectohombreprovinciacadiz.org\/wp-content\/uploads\/2023\/07\/Fundacion-Octavio-Comes-300x55.jpg 300w\" sizes=\"(max-width: 632px) 100vw, 632px\" \/><\/figure>\n","protected":false},"excerpt":{"rendered":"<p>Despu\u00e9s de la reuni\u00f3n mantenida con Fernando Casado V\u00e1zquez, secretario de la Fundaci\u00f3n Octavio Comes, el Patronato de la Fundaci\u00f3n ha aprobado una ayuda para la nueva sede. Muy pronto ser\u00e1 una realidad atender a tantas personas en estas nuevas instalaciones y gracias, en gran parte, a colaboraciones como \u00e9sta de la Fundaci\u00f3n Octavio Comes, &#8230; <a title=\"Ayuda de la Fundaci\u00f3n Octavio Comes\" class=\"read-more\" href=\"https:\/\/www.proyectohombreprovinciacadiz.org\/index.php\/2023\/07\/19\/ayuda-de-la-fundacion-octavio-comes\/\" aria-label=\"M\u00e1s en Ayuda de la Fundaci\u00f3n Octavio Comes\">Leer m\u00e1s<\/a><\/p>\n","protected":false},"author":2,"featured_media":0,"comment_status":"closed","ping_status":"closed","sticky":false,"template":"","format":"standard","meta":{"footnotes":""},"categories":[1],"tags":[],"class_list":["post-2803","post","type-post","status-publish","format-standard","hentry","category-sin-categoria"],"_links":{"self":[{"href":"https:\/\/www.proyectohombreprovinciacadiz.org\/index.php\/wp-json\/wp\/v2\/posts\/2803","targetHints":{"allow":["GET"]}}],"collection":[{"href":"https:\/\/www.proyectohombreprovinciacadiz.org\/index.php\/wp-json\/wp\/v2\/posts"}],"about":[{"href":"https:\/\/www.proyectohombreprovinciacadiz.org\/index.php\/wp-json\/wp\/v2\/types\/post"}],"author":[{"embeddable":true,"href":"https:\/\/www.proyectohombreprovinciacadiz.org\/index.php\/wp-json\/wp\/v2\/users\/2"}],"replies":[{"embeddable":true,"href":"https:\/\/www.proyectohombreprovinciacadiz.org\/index.php\/wp-json\/wp\/v2\/comments?post=2803"}],"version-history":[{"count":1,"href":"https:\/\/www.proyectohombreprovinciacadiz.org\/index.php\/wp-json\/wp\/v2\/posts\/2803\/revisions"}],"predecessor-version":[{"id":2806,"href":"https:\/\/www.proyectohombreprovinciacadiz.org\/index.php\/wp-json\/wp\/v2\/posts\/2803\/revisions\/2806"}],"wp:attachment":[{"href":"https:\/\/www.proyectohombreprovinciacadiz.org\/index.php\/wp-json\/wp\/v2\/media?parent=2803"}],"wp:term":[{"taxonomy":"category","embeddable":true,"href":"https:\/\/www.proyectohombreprovinciacadiz.org\/index.php\/wp-json\/wp\/v2\/categories?post=2803"},{"taxonomy":"post_tag","embeddable":true,"href":"https:\/\/www.proyectohombreprovinciacadiz.org\/index.php\/wp-json\/wp\/v2\/tags?post=2803"}],"curies":[{"name":"wp","href":"https:\/\/api.w.org\/{rel}","templated":true}]}}