{"id":2824,"date":"2023-08-04T08:51:10","date_gmt":"2023-08-04T06:51:10","guid":{"rendered":"https:\/\/www.proyectohombreprovinciacadiz.org\/?p=2824"},"modified":"2023-08-04T08:51:10","modified_gmt":"2023-08-04T06:51:10","slug":"ya-queda-menos-para-irnos-a-la-nueva-sede","status":"publish","type":"post","link":"https:\/\/www.proyectohombreprovinciacadiz.org\/index.php\/2023\/08\/04\/ya-queda-menos-para-irnos-a-la-nueva-sede\/","title":{"rendered":"\u00a1Ya queda menos para irnos a la nueva sede!"},"content":{"rendered":"\n<p>Ignacio Luna, uno de los voluntarios que est\u00e1 coordinando la mudanza a la nueva sede, no para ya para ir ultimando los \u00faltimos detalles.<\/p>\n\n\n\n<p>Nuestro agradecimiento a todas las personas que est\u00e1n haciendo posible poner a punto las instalaciones y as\u00ed poder atender a tantas personas que nos piden ayuda.<\/p>\n\n\n\n<figure class=\"wp-block-image size-large\"><img fetchpriority=\"high\" decoding=\"async\" width=\"576\" height=\"1024\" src=\"https:\/\/www.proyectohombreprovinciacadiz.org\/wp-content\/uploads\/2023\/08\/IMG-20230803-WA0004-576x1024.jpg\" alt=\"\" class=\"wp-image-2825\" srcset=\"https:\/\/www.proyectohombreprovinciacadiz.org\/wp-content\/uploads\/2023\/08\/IMG-20230803-WA0004-576x1024.jpg 576w, https:\/\/www.proyectohombreprovinciacadiz.org\/wp-content\/uploads\/2023\/08\/IMG-20230803-WA0004-169x300.jpg 169w, https:\/\/www.proyectohombreprovinciacadiz.org\/wp-content\/uploads\/2023\/08\/IMG-20230803-WA0004-768x1366.jpg 768w, https:\/\/www.proyectohombreprovinciacadiz.org\/wp-content\/uploads\/2023\/08\/IMG-20230803-WA0004-864x1536.jpg 864w, https:\/\/www.proyectohombreprovinciacadiz.org\/wp-content\/uploads\/2023\/08\/IMG-20230803-WA0004.jpg 899w\" sizes=\"(max-width: 576px) 100vw, 576px\" \/><\/figure>\n","protected":false},"excerpt":{"rendered":"<p>Ignacio Luna, uno de los voluntarios que est\u00e1 coordinando la mudanza a la nueva sede, no para ya para ir ultimando los \u00faltimos detalles. Nuestro agradecimiento a todas las personas que est\u00e1n haciendo posible poner a punto las instalaciones y as\u00ed poder atender a tantas personas que nos piden ayuda.<\/p>\n","protected":false},"author":2,"featured_media":0,"comment_status":"closed","ping_status":"closed","sticky":false,"template":"","format":"standard","meta":{"footnotes":""},"categories":[1],"tags":[],"class_list":["post-2824","post","type-post","status-publish","format-standard","hentry","category-sin-categoria"],"_links":{"self":[{"href":"https:\/\/www.proyectohombreprovinciacadiz.org\/index.php\/wp-json\/wp\/v2\/posts\/2824","targetHints":{"allow":["GET"]}}],"collection":[{"href":"https:\/\/www.proyectohombreprovinciacadiz.org\/index.php\/wp-json\/wp\/v2\/posts"}],"about":[{"href":"https:\/\/www.proyectohombreprovinciacadiz.org\/index.php\/wp-json\/wp\/v2\/types\/post"}],"author":[{"embeddable":true,"href":"https:\/\/www.proyectohombreprovinciacadiz.org\/index.php\/wp-json\/wp\/v2\/users\/2"}],"replies":[{"embeddable":true,"href":"https:\/\/www.proyectohombreprovinciacadiz.org\/index.php\/wp-json\/wp\/v2\/comments?post=2824"}],"version-history":[{"count":1,"href":"https:\/\/www.proyectohombreprovinciacadiz.org\/index.php\/wp-json\/wp\/v2\/posts\/2824\/revisions"}],"predecessor-version":[{"id":2826,"href":"https:\/\/www.proyectohombreprovinciacadiz.org\/index.php\/wp-json\/wp\/v2\/posts\/2824\/revisions\/2826"}],"wp:attachment":[{"href":"https:\/\/www.proyectohombreprovinciacadiz.org\/index.php\/wp-json\/wp\/v2\/media?parent=2824"}],"wp:term":[{"taxonomy":"category","embeddable":true,"href":"https:\/\/www.proyectohombreprovinciacadiz.org\/index.php\/wp-json\/wp\/v2\/categories?post=2824"},{"taxonomy":"post_tag","embeddable":true,"href":"https:\/\/www.proyectohombreprovinciacadiz.org\/index.php\/wp-json\/wp\/v2\/tags?post=2824"}],"curies":[{"name":"wp","href":"https:\/\/api.w.org\/{rel}","templated":true}]}}