{"id":2827,"date":"2023-08-04T09:04:12","date_gmt":"2023-08-04T07:04:12","guid":{"rendered":"https:\/\/www.proyectohombreprovinciacadiz.org\/?p=2827"},"modified":"2023-08-04T09:04:12","modified_gmt":"2023-08-04T07:04:12","slug":"gran-exito-de-la-xi-edicion-del-mercadillo-solidario-de-proyecto-hombre","status":"publish","type":"post","link":"https:\/\/www.proyectohombreprovinciacadiz.org\/index.php\/2023\/08\/04\/gran-exito-de-la-xi-edicion-del-mercadillo-solidario-de-proyecto-hombre\/","title":{"rendered":"Gran \u00e9xito de la XI edici\u00f3n del Mercadillo Solidario de Proyecto Hombre"},"content":{"rendered":"\n<p>Ya ha finalizado el XI Mercadillo Solidario a beneficio de Proyecto Hombre, que se ha llevado a cabo en las instalaciones del Hotel Puerto Sherry (nuestro agradecimiento al Hotel que las ha cedido gratuitamente) desde el lunes 24 al viernes 28 de julio. Un mercadillo organizado un a\u00f1o m\u00e1s por el grupo de colaboradoras de El Puerto de Santa Mar\u00eda, que ha resultado un \u00e9xito en recaudaci\u00f3n y, como no, en asistencia, participaci\u00f3n y solidaridad.<\/p>\n\n\n\n<p>Much\u00edsimas gracias a todas las personas que lo han hecho posible, a las se\u00f1oras que lo han organizado, al personal contratado y al voluntariado\u2026 en definitiva a todas las personas que han participado en el montaje y desmontaje asi como en los turnos del mercadillo. A todos\/as \u00a1GRACIAS!<\/p>\n\n\n\n<figure class=\"wp-block-gallery has-nested-images columns-default is-cropped wp-block-gallery-1 is-layout-flex wp-block-gallery-is-layout-flex\">\n<figure class=\"wp-block-image size-large\"><img fetchpriority=\"high\" decoding=\"async\" width=\"768\" height=\"1024\" data-id=\"2832\" src=\"https:\/\/www.proyectohombreprovinciacadiz.org\/wp-content\/uploads\/2023\/08\/1691130326423-768x1024.jpg\" alt=\"\" class=\"wp-image-2832\" srcset=\"https:\/\/www.proyectohombreprovinciacadiz.org\/wp-content\/uploads\/2023\/08\/1691130326423-768x1024.jpg 768w, https:\/\/www.proyectohombreprovinciacadiz.org\/wp-content\/uploads\/2023\/08\/1691130326423-225x300.jpg 225w, https:\/\/www.proyectohombreprovinciacadiz.org\/wp-content\/uploads\/2023\/08\/1691130326423-1152x1536.jpg 1152w, https:\/\/www.proyectohombreprovinciacadiz.org\/wp-content\/uploads\/2023\/08\/1691130326423.jpg 1200w\" sizes=\"(max-width: 768px) 100vw, 768px\" \/><\/figure>\n\n\n\n<figure class=\"wp-block-image size-large\"><img decoding=\"async\" width=\"1024\" height=\"768\" data-id=\"2833\" src=\"https:\/\/www.proyectohombreprovinciacadiz.org\/wp-content\/uploads\/2023\/08\/1691130326489-1024x768.jpg\" alt=\"\" class=\"wp-image-2833\" srcset=\"https:\/\/www.proyectohombreprovinciacadiz.org\/wp-content\/uploads\/2023\/08\/1691130326489-1024x768.jpg 1024w, https:\/\/www.proyectohombreprovinciacadiz.org\/wp-content\/uploads\/2023\/08\/1691130326489-300x225.jpg 300w, https:\/\/www.proyectohombreprovinciacadiz.org\/wp-content\/uploads\/2023\/08\/1691130326489-768x576.jpg 768w, https:\/\/www.proyectohombreprovinciacadiz.org\/wp-content\/uploads\/2023\/08\/1691130326489-1536x1152.jpg 1536w, https:\/\/www.proyectohombreprovinciacadiz.org\/wp-content\/uploads\/2023\/08\/1691130326489.jpg 2048w\" sizes=\"(max-width: 1024px) 100vw, 1024px\" \/><\/figure>\n\n\n\n<figure class=\"wp-block-image size-large\"><img decoding=\"async\" width=\"667\" height=\"375\" data-id=\"2828\" src=\"https:\/\/www.proyectohombreprovinciacadiz.org\/wp-content\/uploads\/2023\/08\/grupal.jpg\" alt=\"\" class=\"wp-image-2828\" srcset=\"https:\/\/www.proyectohombreprovinciacadiz.org\/wp-content\/uploads\/2023\/08\/grupal.jpg 667w, https:\/\/www.proyectohombreprovinciacadiz.org\/wp-content\/uploads\/2023\/08\/grupal-300x169.jpg 300w\" sizes=\"(max-width: 667px) 100vw, 667px\" \/><\/figure>\n\n\n\n<figure class=\"wp-block-image size-large\"><img loading=\"lazy\" decoding=\"async\" width=\"1024\" height=\"768\" data-id=\"2834\" src=\"https:\/\/www.proyectohombreprovinciacadiz.org\/wp-content\/uploads\/2023\/08\/IMG_7634-1024x768.jpg\" alt=\"\" class=\"wp-image-2834\" srcset=\"https:\/\/www.proyectohombreprovinciacadiz.org\/wp-content\/uploads\/2023\/08\/IMG_7634-1024x768.jpg 1024w, https:\/\/www.proyectohombreprovinciacadiz.org\/wp-content\/uploads\/2023\/08\/IMG_7634-300x225.jpg 300w, https:\/\/www.proyectohombreprovinciacadiz.org\/wp-content\/uploads\/2023\/08\/IMG_7634-768x576.jpg 768w, https:\/\/www.proyectohombreprovinciacadiz.org\/wp-content\/uploads\/2023\/08\/IMG_7634-1536x1152.jpg 1536w, https:\/\/www.proyectohombreprovinciacadiz.org\/wp-content\/uploads\/2023\/08\/IMG_7634-2048x1536.jpg 2048w\" sizes=\"(max-width: 1024px) 100vw, 1024px\" \/><\/figure>\n\n\n\n<figure class=\"wp-block-image size-large\"><img loading=\"lazy\" decoding=\"async\" width=\"667\" height=\"375\" data-id=\"2829\" src=\"https:\/\/www.proyectohombreprovinciacadiz.org\/wp-content\/uploads\/2023\/08\/Jorge.jpg\" alt=\"\" class=\"wp-image-2829\" srcset=\"https:\/\/www.proyectohombreprovinciacadiz.org\/wp-content\/uploads\/2023\/08\/Jorge.jpg 667w, https:\/\/www.proyectohombreprovinciacadiz.org\/wp-content\/uploads\/2023\/08\/Jorge-300x169.jpg 300w\" sizes=\"(max-width: 667px) 100vw, 667px\" \/><\/figure>\n\n\n\n<figure class=\"wp-block-image size-large\"><img loading=\"lazy\" decoding=\"async\" width=\"667\" height=\"375\" data-id=\"2830\" src=\"https:\/\/www.proyectohombreprovinciacadiz.org\/wp-content\/uploads\/2023\/08\/keka-raffo.jpg\" alt=\"\" class=\"wp-image-2830\" srcset=\"https:\/\/www.proyectohombreprovinciacadiz.org\/wp-content\/uploads\/2023\/08\/keka-raffo.jpg 667w, https:\/\/www.proyectohombreprovinciacadiz.org\/wp-content\/uploads\/2023\/08\/keka-raffo-300x169.jpg 300w\" sizes=\"(max-width: 667px) 100vw, 667px\" \/><\/figure>\n\n\n\n<figure class=\"wp-block-image size-large\"><img loading=\"lazy\" decoding=\"async\" width=\"667\" height=\"375\" data-id=\"2831\" src=\"https:\/\/www.proyectohombreprovinciacadiz.org\/wp-content\/uploads\/2023\/08\/maria-Luisa-Mateo.jpg\" alt=\"\" class=\"wp-image-2831\" srcset=\"https:\/\/www.proyectohombreprovinciacadiz.org\/wp-content\/uploads\/2023\/08\/maria-Luisa-Mateo.jpg 667w, https:\/\/www.proyectohombreprovinciacadiz.org\/wp-content\/uploads\/2023\/08\/maria-Luisa-Mateo-300x169.jpg 300w\" sizes=\"(max-width: 667px) 100vw, 667px\" \/><\/figure>\n<\/figure>\n","protected":false},"excerpt":{"rendered":"<p>Ya ha finalizado el XI Mercadillo Solidario a beneficio de Proyecto Hombre, que se ha llevado a cabo en las instalaciones del Hotel Puerto Sherry (nuestro agradecimiento al Hotel que las ha cedido gratuitamente) desde el lunes 24 al viernes 28 de julio. Un mercadillo organizado un a\u00f1o m\u00e1s por el grupo de colaboradoras de &#8230; <a title=\"Gran \u00e9xito de la XI edici\u00f3n del Mercadillo Solidario de Proyecto Hombre\" class=\"read-more\" href=\"https:\/\/www.proyectohombreprovinciacadiz.org\/index.php\/2023\/08\/04\/gran-exito-de-la-xi-edicion-del-mercadillo-solidario-de-proyecto-hombre\/\" aria-label=\"M\u00e1s en Gran \u00e9xito de la XI edici\u00f3n del Mercadillo Solidario de Proyecto Hombre\">Leer m\u00e1s<\/a><\/p>\n","protected":false},"author":2,"featured_media":0,"comment_status":"closed","ping_status":"closed","sticky":false,"template":"","format":"standard","meta":{"footnotes":""},"categories":[1],"tags":[],"class_list":["post-2827","post","type-post","status-publish","format-standard","hentry","category-sin-categoria"],"_links":{"self":[{"href":"https:\/\/www.proyectohombreprovinciacadiz.org\/index.php\/wp-json\/wp\/v2\/posts\/2827","targetHints":{"allow":["GET"]}}],"collection":[{"href":"https:\/\/www.proyectohombreprovinciacadiz.org\/index.php\/wp-json\/wp\/v2\/posts"}],"about":[{"href":"https:\/\/www.proyectohombreprovinciacadiz.org\/index.php\/wp-json\/wp\/v2\/types\/post"}],"author":[{"embeddable":true,"href":"https:\/\/www.proyectohombreprovinciacadiz.org\/index.php\/wp-json\/wp\/v2\/users\/2"}],"replies":[{"embeddable":true,"href":"https:\/\/www.proyectohombreprovinciacadiz.org\/index.php\/wp-json\/wp\/v2\/comments?post=2827"}],"version-history":[{"count":1,"href":"https:\/\/www.proyectohombreprovinciacadiz.org\/index.php\/wp-json\/wp\/v2\/posts\/2827\/revisions"}],"predecessor-version":[{"id":2835,"href":"https:\/\/www.proyectohombreprovinciacadiz.org\/index.php\/wp-json\/wp\/v2\/posts\/2827\/revisions\/2835"}],"wp:attachment":[{"href":"https:\/\/www.proyectohombreprovinciacadiz.org\/index.php\/wp-json\/wp\/v2\/media?parent=2827"}],"wp:term":[{"taxonomy":"category","embeddable":true,"href":"https:\/\/www.proyectohombreprovinciacadiz.org\/index.php\/wp-json\/wp\/v2\/categories?post=2827"},{"taxonomy":"post_tag","embeddable":true,"href":"https:\/\/www.proyectohombreprovinciacadiz.org\/index.php\/wp-json\/wp\/v2\/tags?post=2827"}],"curies":[{"name":"wp","href":"https:\/\/api.w.org\/{rel}","templated":true}]}}