{"id":2840,"date":"2023-08-31T17:51:27","date_gmt":"2023-08-31T15:51:27","guid":{"rendered":"https:\/\/www.proyectohombreprovinciacadiz.org\/?p=2840"},"modified":"2023-08-31T17:51:27","modified_gmt":"2023-08-31T15:51:27","slug":"la-diputacion-de-cadiz-con-nuestra-nueva-sede","status":"publish","type":"post","link":"https:\/\/www.proyectohombreprovinciacadiz.org\/index.php\/2023\/08\/31\/la-diputacion-de-cadiz-con-nuestra-nueva-sede\/","title":{"rendered":"La Diputaci\u00f3n de C\u00e1diz, con nuestra nueva sede"},"content":{"rendered":"\n<p>El 29 de agosto se nos ha notificado que la Diputaci\u00f3n de C\u00e1diz, a trav\u00e9s del \u00c1rea de Presidencia, nos ha concedido una subvenci\u00f3n por valor de 10.000 \u20ac para contribuir en la construcci\u00f3n de la nueva sede de Proyecto Hombre provincia de C\u00e1diz. Acciones como \u00e9sta, tanto de organismos p\u00fablicos y privados, como de empresas, personas particulares, etc. est\u00e1n permitiendo que podamos ofrecer unas nuevas instalaciones para atender con una mayor calidad a las personas que lo solicitan y a sus familias.<\/p>\n\n\n\n<figure class=\"wp-block-gallery has-nested-images columns-default is-cropped wp-block-gallery-1 is-layout-flex wp-block-gallery-is-layout-flex\">\n<figure class=\"wp-block-image size-large\"><img fetchpriority=\"high\" decoding=\"async\" width=\"806\" height=\"768\" data-id=\"2841\" src=\"https:\/\/www.proyectohombreprovinciacadiz.org\/wp-content\/uploads\/2023\/08\/Diputacion-de-Cadiz.jpg\" alt=\"\" class=\"wp-image-2841\" srcset=\"https:\/\/www.proyectohombreprovinciacadiz.org\/wp-content\/uploads\/2023\/08\/Diputacion-de-Cadiz.jpg 806w, https:\/\/www.proyectohombreprovinciacadiz.org\/wp-content\/uploads\/2023\/08\/Diputacion-de-Cadiz-300x286.jpg 300w, https:\/\/www.proyectohombreprovinciacadiz.org\/wp-content\/uploads\/2023\/08\/Diputacion-de-Cadiz-768x732.jpg 768w\" sizes=\"(max-width: 806px) 100vw, 806px\" \/><\/figure>\n<\/figure>\n\n\n\n<figure class=\"wp-block-image size-large\"><img decoding=\"async\" width=\"1024\" height=\"461\" src=\"https:\/\/www.proyectohombreprovinciacadiz.org\/wp-content\/uploads\/2023\/08\/Nueva-sede-1024x461.jpg\" alt=\"\" class=\"wp-image-2842\" srcset=\"https:\/\/www.proyectohombreprovinciacadiz.org\/wp-content\/uploads\/2023\/08\/Nueva-sede-1024x461.jpg 1024w, https:\/\/www.proyectohombreprovinciacadiz.org\/wp-content\/uploads\/2023\/08\/Nueva-sede-300x135.jpg 300w, https:\/\/www.proyectohombreprovinciacadiz.org\/wp-content\/uploads\/2023\/08\/Nueva-sede-768x346.jpg 768w, https:\/\/www.proyectohombreprovinciacadiz.org\/wp-content\/uploads\/2023\/08\/Nueva-sede-1536x692.jpg 1536w, https:\/\/www.proyectohombreprovinciacadiz.org\/wp-content\/uploads\/2023\/08\/Nueva-sede.jpg 1600w\" sizes=\"(max-width: 1024px) 100vw, 1024px\" \/><\/figure>\n","protected":false},"excerpt":{"rendered":"<p>El 29 de agosto se nos ha notificado que la Diputaci\u00f3n de C\u00e1diz, a trav\u00e9s del \u00c1rea de Presidencia, nos ha concedido una subvenci\u00f3n por valor de 10.000 \u20ac para contribuir en la construcci\u00f3n de la nueva sede de Proyecto Hombre provincia de C\u00e1diz. Acciones como \u00e9sta, tanto de organismos p\u00fablicos y privados, como de &#8230; <a title=\"La Diputaci\u00f3n de C\u00e1diz, con nuestra nueva sede\" class=\"read-more\" href=\"https:\/\/www.proyectohombreprovinciacadiz.org\/index.php\/2023\/08\/31\/la-diputacion-de-cadiz-con-nuestra-nueva-sede\/\" aria-label=\"M\u00e1s en La Diputaci\u00f3n de C\u00e1diz, con nuestra nueva sede\">Leer m\u00e1s<\/a><\/p>\n","protected":false},"author":2,"featured_media":0,"comment_status":"closed","ping_status":"closed","sticky":false,"template":"","format":"standard","meta":{"footnotes":""},"categories":[1],"tags":[],"class_list":["post-2840","post","type-post","status-publish","format-standard","hentry","category-sin-categoria"],"_links":{"self":[{"href":"https:\/\/www.proyectohombreprovinciacadiz.org\/index.php\/wp-json\/wp\/v2\/posts\/2840","targetHints":{"allow":["GET"]}}],"collection":[{"href":"https:\/\/www.proyectohombreprovinciacadiz.org\/index.php\/wp-json\/wp\/v2\/posts"}],"about":[{"href":"https:\/\/www.proyectohombreprovinciacadiz.org\/index.php\/wp-json\/wp\/v2\/types\/post"}],"author":[{"embeddable":true,"href":"https:\/\/www.proyectohombreprovinciacadiz.org\/index.php\/wp-json\/wp\/v2\/users\/2"}],"replies":[{"embeddable":true,"href":"https:\/\/www.proyectohombreprovinciacadiz.org\/index.php\/wp-json\/wp\/v2\/comments?post=2840"}],"version-history":[{"count":1,"href":"https:\/\/www.proyectohombreprovinciacadiz.org\/index.php\/wp-json\/wp\/v2\/posts\/2840\/revisions"}],"predecessor-version":[{"id":2843,"href":"https:\/\/www.proyectohombreprovinciacadiz.org\/index.php\/wp-json\/wp\/v2\/posts\/2840\/revisions\/2843"}],"wp:attachment":[{"href":"https:\/\/www.proyectohombreprovinciacadiz.org\/index.php\/wp-json\/wp\/v2\/media?parent=2840"}],"wp:term":[{"taxonomy":"category","embeddable":true,"href":"https:\/\/www.proyectohombreprovinciacadiz.org\/index.php\/wp-json\/wp\/v2\/categories?post=2840"},{"taxonomy":"post_tag","embeddable":true,"href":"https:\/\/www.proyectohombreprovinciacadiz.org\/index.php\/wp-json\/wp\/v2\/tags?post=2840"}],"curies":[{"name":"wp","href":"https:\/\/api.w.org\/{rel}","templated":true}]}}