{"id":2872,"date":"2023-06-12T08:48:01","date_gmt":"2023-06-12T06:48:01","guid":{"rendered":"https:\/\/www.proyectohombreprovinciacadiz.org\/?p=2872"},"modified":"2023-09-28T08:49:09","modified_gmt":"2023-09-28T06:49:09","slug":"programa-de-sensibilizacion-para-la-igualdad-de-genero","status":"publish","type":"post","link":"https:\/\/www.proyectohombreprovinciacadiz.org\/index.php\/2023\/06\/12\/programa-de-sensibilizacion-para-la-igualdad-de-genero\/","title":{"rendered":"Programa de Sensibilizaci\u00f3n para la igualdad de G\u00e9nero"},"content":{"rendered":"\n<p>El \u00e1rea de Igualdad de la Diputaci\u00f3n Provincial de C\u00e1diz, mediante resoluci\u00f3n definitiva de fecha 07\/06\/2023 de la convocatoria p\u00fablica de subvenciones, en r\u00e9gimen de concurrencia competitiva destinada a entidades sin \u00e1nimo de lucro, ha concedido a nuestra entidad la cantidad de 1.852,59 \u20ac para el proyecto \u201cSENSIBILIZACI\u00d3N PARA LA IGUALDAD DE G\u00c9NERO\u201d, el cual desarrollamos entre los meses de septiembre a noviembre en el Centro Penitenciario de Algeciras (Botafuegos).<\/p>\n\n\n\n<figure class=\"wp-block-image size-full\"><img fetchpriority=\"high\" decoding=\"async\" width=\"806\" height=\"768\" src=\"https:\/\/www.proyectohombreprovinciacadiz.org\/wp-content\/uploads\/2023\/09\/Diputacion-de-Cadiz.jpg\" alt=\"\" class=\"wp-image-2870\" srcset=\"https:\/\/www.proyectohombreprovinciacadiz.org\/wp-content\/uploads\/2023\/09\/Diputacion-de-Cadiz.jpg 806w, https:\/\/www.proyectohombreprovinciacadiz.org\/wp-content\/uploads\/2023\/09\/Diputacion-de-Cadiz-300x286.jpg 300w, https:\/\/www.proyectohombreprovinciacadiz.org\/wp-content\/uploads\/2023\/09\/Diputacion-de-Cadiz-768x732.jpg 768w\" sizes=\"(max-width: 806px) 100vw, 806px\" \/><\/figure>\n","protected":false},"excerpt":{"rendered":"<p>El \u00e1rea de Igualdad de la Diputaci\u00f3n Provincial de C\u00e1diz, mediante resoluci\u00f3n definitiva de fecha 07\/06\/2023 de la convocatoria p\u00fablica de subvenciones, en r\u00e9gimen de concurrencia competitiva destinada a entidades sin \u00e1nimo de lucro, ha concedido a nuestra entidad la cantidad de 1.852,59 \u20ac para el proyecto \u201cSENSIBILIZACI\u00d3N PARA LA IGUALDAD DE G\u00c9NERO\u201d, el cual &#8230; <a title=\"Programa de Sensibilizaci\u00f3n para la igualdad de G\u00e9nero\" class=\"read-more\" href=\"https:\/\/www.proyectohombreprovinciacadiz.org\/index.php\/2023\/06\/12\/programa-de-sensibilizacion-para-la-igualdad-de-genero\/\" aria-label=\"M\u00e1s en Programa de Sensibilizaci\u00f3n para la igualdad de G\u00e9nero\">Leer m\u00e1s<\/a><\/p>\n","protected":false},"author":2,"featured_media":0,"comment_status":"closed","ping_status":"closed","sticky":false,"template":"","format":"standard","meta":{"footnotes":""},"categories":[1],"tags":[],"class_list":["post-2872","post","type-post","status-publish","format-standard","hentry","category-sin-categoria"],"_links":{"self":[{"href":"https:\/\/www.proyectohombreprovinciacadiz.org\/index.php\/wp-json\/wp\/v2\/posts\/2872","targetHints":{"allow":["GET"]}}],"collection":[{"href":"https:\/\/www.proyectohombreprovinciacadiz.org\/index.php\/wp-json\/wp\/v2\/posts"}],"about":[{"href":"https:\/\/www.proyectohombreprovinciacadiz.org\/index.php\/wp-json\/wp\/v2\/types\/post"}],"author":[{"embeddable":true,"href":"https:\/\/www.proyectohombreprovinciacadiz.org\/index.php\/wp-json\/wp\/v2\/users\/2"}],"replies":[{"embeddable":true,"href":"https:\/\/www.proyectohombreprovinciacadiz.org\/index.php\/wp-json\/wp\/v2\/comments?post=2872"}],"version-history":[{"count":1,"href":"https:\/\/www.proyectohombreprovinciacadiz.org\/index.php\/wp-json\/wp\/v2\/posts\/2872\/revisions"}],"predecessor-version":[{"id":2873,"href":"https:\/\/www.proyectohombreprovinciacadiz.org\/index.php\/wp-json\/wp\/v2\/posts\/2872\/revisions\/2873"}],"wp:attachment":[{"href":"https:\/\/www.proyectohombreprovinciacadiz.org\/index.php\/wp-json\/wp\/v2\/media?parent=2872"}],"wp:term":[{"taxonomy":"category","embeddable":true,"href":"https:\/\/www.proyectohombreprovinciacadiz.org\/index.php\/wp-json\/wp\/v2\/categories?post=2872"},{"taxonomy":"post_tag","embeddable":true,"href":"https:\/\/www.proyectohombreprovinciacadiz.org\/index.php\/wp-json\/wp\/v2\/tags?post=2872"}],"curies":[{"name":"wp","href":"https:\/\/api.w.org\/{rel}","templated":true}]}}