{"id":2949,"date":"2023-10-13T14:23:41","date_gmt":"2023-10-13T12:23:41","guid":{"rendered":"https:\/\/www.proyectohombreprovinciacadiz.org\/?p=2949"},"modified":"2023-10-13T14:23:42","modified_gmt":"2023-10-13T12:23:42","slug":"actividad-de-motivacion-en-la-prision-de-algeciras","status":"publish","type":"post","link":"https:\/\/www.proyectohombreprovinciacadiz.org\/index.php\/2023\/10\/13\/actividad-de-motivacion-en-la-prision-de-algeciras\/","title":{"rendered":"Actividad de motivaci\u00f3n en la prisi\u00f3n de Algeciras"},"content":{"rendered":"\n<p>El d\u00eda 28 de septiembre se llev\u00f3 a cabo una charla motivacional por parte de Jos\u00e9 Carlos, un antiguo usuario del programa de prisi\u00f3n del CP de Algeciras y, a posteriori, de la Comunidad Terap\u00e9utica de Proyecto Hombre, donde termin\u00f3 de cumplir su condena en virtud del art\u00edculo 182 del R.P.&nbsp;<\/p>\n\n\n\n<p>El acto se llev\u00f3 a cabo en el sal\u00f3n de actos del m\u00f3dulo sociocultural, al que acudieron todos los internos de la UTE (Unidad Terap\u00e9utica Educativa) y pudieron disfrutar de la experiencia de vida compartida por Jos\u00e9 Carlos. A la actividad asistieron tambi\u00e9n miembros del equipo t\u00e9cnico de la UTE y Paloma Mateo, educadora y referente del Programa de Prisi\u00f3n en el C.P de Algeciras quien acompa\u00f1\u00f3 en todo momento a Jos\u00e9 Carlos.&nbsp;<\/p>\n\n\n\n<p>Los internos participaron activamente y le hicieron muchas preguntas a Jos\u00e9 Carlos. Esto fue muy agradecido por ellos ya que se sintieron muy reflejados con las vivencias contadas por el usuario y se cre\u00f3 un clima de esperanza para todos ellos.\u00a0<\/p>\n\n\n\n<p>Esta actividad corresponde al programa \u00a8Rehabilitaci\u00f3n de personas privadas de libertad con problemas de drogodependencias\u00a8 que se lleva a cabo en colaboraci\u00f3n con el Ministerio de Derechos Sociales y Agenda 2030, por la asignaci\u00f3n tributaria del 0,7% del IRPF para entidades privadas de inter\u00e9s general.<\/p>\n\n\n\n<figure class=\"wp-block-gallery has-nested-images columns-default is-cropped wp-block-gallery-1 is-layout-flex wp-block-gallery-is-layout-flex\">\n<figure class=\"wp-block-image size-large\"><img fetchpriority=\"high\" decoding=\"async\" width=\"1024\" height=\"683\" data-id=\"2952\" src=\"https:\/\/www.proyectohombreprovinciacadiz.org\/wp-content\/uploads\/2023\/10\/IMG-20231005-WA0000-1024x683.jpg\" alt=\"\" class=\"wp-image-2952\" srcset=\"https:\/\/www.proyectohombreprovinciacadiz.org\/wp-content\/uploads\/2023\/10\/IMG-20231005-WA0000-1024x683.jpg 1024w, https:\/\/www.proyectohombreprovinciacadiz.org\/wp-content\/uploads\/2023\/10\/IMG-20231005-WA0000-300x200.jpg 300w, https:\/\/www.proyectohombreprovinciacadiz.org\/wp-content\/uploads\/2023\/10\/IMG-20231005-WA0000-768x512.jpg 768w, https:\/\/www.proyectohombreprovinciacadiz.org\/wp-content\/uploads\/2023\/10\/IMG-20231005-WA0000.jpg 1296w\" sizes=\"(max-width: 1024px) 100vw, 1024px\" \/><\/figure>\n\n\n\n<figure class=\"wp-block-image size-large\"><img decoding=\"async\" width=\"1024\" height=\"683\" data-id=\"2950\" src=\"https:\/\/www.proyectohombreprovinciacadiz.org\/wp-content\/uploads\/2023\/10\/IMG-20231005-WA0003-1024x683.jpg\" alt=\"\" class=\"wp-image-2950\" srcset=\"https:\/\/www.proyectohombreprovinciacadiz.org\/wp-content\/uploads\/2023\/10\/IMG-20231005-WA0003-1024x683.jpg 1024w, https:\/\/www.proyectohombreprovinciacadiz.org\/wp-content\/uploads\/2023\/10\/IMG-20231005-WA0003-300x200.jpg 300w, https:\/\/www.proyectohombreprovinciacadiz.org\/wp-content\/uploads\/2023\/10\/IMG-20231005-WA0003-768x512.jpg 768w, https:\/\/www.proyectohombreprovinciacadiz.org\/wp-content\/uploads\/2023\/10\/IMG-20231005-WA0003.jpg 1296w\" sizes=\"(max-width: 1024px) 100vw, 1024px\" \/><\/figure>\n\n\n\n<figure class=\"wp-block-image size-large\"><img decoding=\"async\" width=\"1024\" height=\"683\" data-id=\"2951\" src=\"https:\/\/www.proyectohombreprovinciacadiz.org\/wp-content\/uploads\/2023\/10\/IMG-20231005-WA0004-1024x683.jpg\" alt=\"\" class=\"wp-image-2951\" srcset=\"https:\/\/www.proyectohombreprovinciacadiz.org\/wp-content\/uploads\/2023\/10\/IMG-20231005-WA0004-1024x683.jpg 1024w, https:\/\/www.proyectohombreprovinciacadiz.org\/wp-content\/uploads\/2023\/10\/IMG-20231005-WA0004-300x200.jpg 300w, https:\/\/www.proyectohombreprovinciacadiz.org\/wp-content\/uploads\/2023\/10\/IMG-20231005-WA0004-768x512.jpg 768w, https:\/\/www.proyectohombreprovinciacadiz.org\/wp-content\/uploads\/2023\/10\/IMG-20231005-WA0004.jpg 1296w\" sizes=\"(max-width: 1024px) 100vw, 1024px\" \/><\/figure>\n\n\n\n<figure class=\"wp-block-image size-large\"><img loading=\"lazy\" decoding=\"async\" width=\"1024\" height=\"808\" data-id=\"2953\" src=\"https:\/\/www.proyectohombreprovinciacadiz.org\/wp-content\/uploads\/2023\/10\/RRSS-IRPF-Estatal-1024x808.jpg\" alt=\"\" class=\"wp-image-2953\" srcset=\"https:\/\/www.proyectohombreprovinciacadiz.org\/wp-content\/uploads\/2023\/10\/RRSS-IRPF-Estatal-1024x808.jpg 1024w, https:\/\/www.proyectohombreprovinciacadiz.org\/wp-content\/uploads\/2023\/10\/RRSS-IRPF-Estatal-300x237.jpg 300w, https:\/\/www.proyectohombreprovinciacadiz.org\/wp-content\/uploads\/2023\/10\/RRSS-IRPF-Estatal-768x606.jpg 768w, https:\/\/www.proyectohombreprovinciacadiz.org\/wp-content\/uploads\/2023\/10\/RRSS-IRPF-Estatal.jpg 1193w\" sizes=\"(max-width: 1024px) 100vw, 1024px\" \/><\/figure>\n<\/figure>\n","protected":false},"excerpt":{"rendered":"<p>El d\u00eda 28 de septiembre se llev\u00f3 a cabo una charla motivacional por parte de Jos\u00e9 Carlos, un antiguo usuario del programa de prisi\u00f3n del CP de Algeciras y, a posteriori, de la Comunidad Terap\u00e9utica de Proyecto Hombre, donde termin\u00f3 de cumplir su condena en virtud del art\u00edculo 182 del R.P.&nbsp; El acto se llev\u00f3 &#8230; <a title=\"Actividad de motivaci\u00f3n en la prisi\u00f3n de Algeciras\" class=\"read-more\" href=\"https:\/\/www.proyectohombreprovinciacadiz.org\/index.php\/2023\/10\/13\/actividad-de-motivacion-en-la-prision-de-algeciras\/\" aria-label=\"M\u00e1s en Actividad de motivaci\u00f3n en la prisi\u00f3n de Algeciras\">Leer m\u00e1s<\/a><\/p>\n","protected":false},"author":2,"featured_media":0,"comment_status":"closed","ping_status":"closed","sticky":false,"template":"","format":"standard","meta":{"footnotes":""},"categories":[1],"tags":[],"class_list":["post-2949","post","type-post","status-publish","format-standard","hentry","category-sin-categoria"],"_links":{"self":[{"href":"https:\/\/www.proyectohombreprovinciacadiz.org\/index.php\/wp-json\/wp\/v2\/posts\/2949","targetHints":{"allow":["GET"]}}],"collection":[{"href":"https:\/\/www.proyectohombreprovinciacadiz.org\/index.php\/wp-json\/wp\/v2\/posts"}],"about":[{"href":"https:\/\/www.proyectohombreprovinciacadiz.org\/index.php\/wp-json\/wp\/v2\/types\/post"}],"author":[{"embeddable":true,"href":"https:\/\/www.proyectohombreprovinciacadiz.org\/index.php\/wp-json\/wp\/v2\/users\/2"}],"replies":[{"embeddable":true,"href":"https:\/\/www.proyectohombreprovinciacadiz.org\/index.php\/wp-json\/wp\/v2\/comments?post=2949"}],"version-history":[{"count":1,"href":"https:\/\/www.proyectohombreprovinciacadiz.org\/index.php\/wp-json\/wp\/v2\/posts\/2949\/revisions"}],"predecessor-version":[{"id":2954,"href":"https:\/\/www.proyectohombreprovinciacadiz.org\/index.php\/wp-json\/wp\/v2\/posts\/2949\/revisions\/2954"}],"wp:attachment":[{"href":"https:\/\/www.proyectohombreprovinciacadiz.org\/index.php\/wp-json\/wp\/v2\/media?parent=2949"}],"wp:term":[{"taxonomy":"category","embeddable":true,"href":"https:\/\/www.proyectohombreprovinciacadiz.org\/index.php\/wp-json\/wp\/v2\/categories?post=2949"},{"taxonomy":"post_tag","embeddable":true,"href":"https:\/\/www.proyectohombreprovinciacadiz.org\/index.php\/wp-json\/wp\/v2\/tags?post=2949"}],"curies":[{"name":"wp","href":"https:\/\/api.w.org\/{rel}","templated":true}]}}