{"id":2959,"date":"2023-10-25T12:32:13","date_gmt":"2023-10-25T10:32:13","guid":{"rendered":"https:\/\/www.proyectohombreprovinciacadiz.org\/?p=2959"},"modified":"2023-10-25T12:32:13","modified_gmt":"2023-10-25T10:32:13","slug":"trabajando-la-autoestima-en-mujeres","status":"publish","type":"post","link":"https:\/\/www.proyectohombreprovinciacadiz.org\/index.php\/2023\/10\/25\/trabajando-la-autoestima-en-mujeres\/","title":{"rendered":"Trabajando la autoestima en mujeres"},"content":{"rendered":"\n<p>Durante el mes de octubre se ha realizado una actividad con las chicas de Proyecto Joven con el objetivo de tomar conciencia de la importancia que tiene la autoestima en el d\u00eda a d\u00eda, especialmente cuando tienen que enfrentarse a circunstancias complicadas y se plantean la consecuci\u00f3n de objetivos.<\/p>\n\n\n\n<p>En la actividad que se ha realizado ten\u00edan que describirse con aspectos positivos y negativos y se evidenci\u00f3 que lo negativo es m\u00e1s sencillo de identificar que lo positivo.<\/p>\n\n\n\n<p>Asimismo, se reflexion\u00f3 acerca de c\u00f3mo la sociedad actual demanda en las mujeres cumplir una serie de caracter\u00edsticas a nivel personal y f\u00edsico (por ejemplo, ser educadas y delgadas) que, en caso de no alcanzarse, supone un gran impacto negativo en las mujeres, especialmente en sus autoestimas.<\/p>\n\n\n\n<p>Esta actividad pertenece al \u201cPrograma de inclusi\u00f3n social de mujeres con adicciones u otras conductas de riesgo\u201d en colaboraci\u00f3n con la Consejer\u00eda de Inclusi\u00f3n Social, Juventud, Familia e Igualdad, de la Junta de Andaluc\u00eda, por la asignaci\u00f3n tributaria del 0,7% del IRPF para entidades privadas de inter\u00e9s general.<\/p>\n\n\n\n<figure class=\"wp-block-gallery has-nested-images columns-default is-cropped wp-block-gallery-1 is-layout-flex wp-block-gallery-is-layout-flex\">\n<figure class=\"wp-block-image size-large\"><img fetchpriority=\"high\" decoding=\"async\" width=\"1024\" height=\"768\" data-id=\"2962\" src=\"https:\/\/www.proyectohombreprovinciacadiz.org\/wp-content\/uploads\/2023\/10\/IMG_20231009_174306-1024x768.jpg\" alt=\"\" class=\"wp-image-2962\" srcset=\"https:\/\/www.proyectohombreprovinciacadiz.org\/wp-content\/uploads\/2023\/10\/IMG_20231009_174306-1024x768.jpg 1024w, https:\/\/www.proyectohombreprovinciacadiz.org\/wp-content\/uploads\/2023\/10\/IMG_20231009_174306-300x225.jpg 300w, https:\/\/www.proyectohombreprovinciacadiz.org\/wp-content\/uploads\/2023\/10\/IMG_20231009_174306-768x576.jpg 768w, https:\/\/www.proyectohombreprovinciacadiz.org\/wp-content\/uploads\/2023\/10\/IMG_20231009_174306-1536x1152.jpg 1536w, https:\/\/www.proyectohombreprovinciacadiz.org\/wp-content\/uploads\/2023\/10\/IMG_20231009_174306-2048x1536.jpg 2048w\" sizes=\"(max-width: 1024px) 100vw, 1024px\" \/><figcaption class=\"wp-element-caption\">qrf<\/figcaption><\/figure>\n\n\n\n<figure class=\"wp-block-image size-large\"><img decoding=\"async\" width=\"1024\" height=\"768\" data-id=\"2961\" src=\"https:\/\/www.proyectohombreprovinciacadiz.org\/wp-content\/uploads\/2023\/10\/IMG_20231009_174331-1024x768.jpg\" alt=\"\" class=\"wp-image-2961\" srcset=\"https:\/\/www.proyectohombreprovinciacadiz.org\/wp-content\/uploads\/2023\/10\/IMG_20231009_174331-1024x768.jpg 1024w, https:\/\/www.proyectohombreprovinciacadiz.org\/wp-content\/uploads\/2023\/10\/IMG_20231009_174331-300x225.jpg 300w, https:\/\/www.proyectohombreprovinciacadiz.org\/wp-content\/uploads\/2023\/10\/IMG_20231009_174331-768x576.jpg 768w, https:\/\/www.proyectohombreprovinciacadiz.org\/wp-content\/uploads\/2023\/10\/IMG_20231009_174331-1536x1152.jpg 1536w, https:\/\/www.proyectohombreprovinciacadiz.org\/wp-content\/uploads\/2023\/10\/IMG_20231009_174331-2048x1536.jpg 2048w\" sizes=\"(max-width: 1024px) 100vw, 1024px\" \/><figcaption class=\"wp-element-caption\">qrf<\/figcaption><\/figure>\n\n\n\n<figure class=\"wp-block-image size-large\"><img decoding=\"async\" width=\"1024\" height=\"683\" data-id=\"2960\" src=\"https:\/\/www.proyectohombreprovinciacadiz.org\/wp-content\/uploads\/2023\/10\/RRSS-IRPF-Andalucia-2023-1024x683.jpg\" alt=\"\" class=\"wp-image-2960\" srcset=\"https:\/\/www.proyectohombreprovinciacadiz.org\/wp-content\/uploads\/2023\/10\/RRSS-IRPF-Andalucia-2023-1024x683.jpg 1024w, https:\/\/www.proyectohombreprovinciacadiz.org\/wp-content\/uploads\/2023\/10\/RRSS-IRPF-Andalucia-2023-300x200.jpg 300w, https:\/\/www.proyectohombreprovinciacadiz.org\/wp-content\/uploads\/2023\/10\/RRSS-IRPF-Andalucia-2023-768x512.jpg 768w, https:\/\/www.proyectohombreprovinciacadiz.org\/wp-content\/uploads\/2023\/10\/RRSS-IRPF-Andalucia-2023-1536x1024.jpg 1536w, https:\/\/www.proyectohombreprovinciacadiz.org\/wp-content\/uploads\/2023\/10\/RRSS-IRPF-Andalucia-2023-2048x1365.jpg 2048w\" sizes=\"(max-width: 1024px) 100vw, 1024px\" \/><\/figure>\n<\/figure>\n","protected":false},"excerpt":{"rendered":"<p>Durante el mes de octubre se ha realizado una actividad con las chicas de Proyecto Joven con el objetivo de tomar conciencia de la importancia que tiene la autoestima en el d\u00eda a d\u00eda, especialmente cuando tienen que enfrentarse a circunstancias complicadas y se plantean la consecuci\u00f3n de objetivos. En la actividad que se ha &#8230; <a title=\"Trabajando la autoestima en mujeres\" class=\"read-more\" href=\"https:\/\/www.proyectohombreprovinciacadiz.org\/index.php\/2023\/10\/25\/trabajando-la-autoestima-en-mujeres\/\" aria-label=\"M\u00e1s en Trabajando la autoestima en mujeres\">Leer m\u00e1s<\/a><\/p>\n","protected":false},"author":2,"featured_media":0,"comment_status":"closed","ping_status":"closed","sticky":false,"template":"","format":"standard","meta":{"footnotes":""},"categories":[1],"tags":[],"class_list":["post-2959","post","type-post","status-publish","format-standard","hentry","category-sin-categoria"],"_links":{"self":[{"href":"https:\/\/www.proyectohombreprovinciacadiz.org\/index.php\/wp-json\/wp\/v2\/posts\/2959","targetHints":{"allow":["GET"]}}],"collection":[{"href":"https:\/\/www.proyectohombreprovinciacadiz.org\/index.php\/wp-json\/wp\/v2\/posts"}],"about":[{"href":"https:\/\/www.proyectohombreprovinciacadiz.org\/index.php\/wp-json\/wp\/v2\/types\/post"}],"author":[{"embeddable":true,"href":"https:\/\/www.proyectohombreprovinciacadiz.org\/index.php\/wp-json\/wp\/v2\/users\/2"}],"replies":[{"embeddable":true,"href":"https:\/\/www.proyectohombreprovinciacadiz.org\/index.php\/wp-json\/wp\/v2\/comments?post=2959"}],"version-history":[{"count":1,"href":"https:\/\/www.proyectohombreprovinciacadiz.org\/index.php\/wp-json\/wp\/v2\/posts\/2959\/revisions"}],"predecessor-version":[{"id":2963,"href":"https:\/\/www.proyectohombreprovinciacadiz.org\/index.php\/wp-json\/wp\/v2\/posts\/2959\/revisions\/2963"}],"wp:attachment":[{"href":"https:\/\/www.proyectohombreprovinciacadiz.org\/index.php\/wp-json\/wp\/v2\/media?parent=2959"}],"wp:term":[{"taxonomy":"category","embeddable":true,"href":"https:\/\/www.proyectohombreprovinciacadiz.org\/index.php\/wp-json\/wp\/v2\/categories?post=2959"},{"taxonomy":"post_tag","embeddable":true,"href":"https:\/\/www.proyectohombreprovinciacadiz.org\/index.php\/wp-json\/wp\/v2\/tags?post=2959"}],"curies":[{"name":"wp","href":"https:\/\/api.w.org\/{rel}","templated":true}]}}